{"id":9686,"date":"2019-11-14T07:39:49","date_gmt":"2019-11-14T07:39:49","guid":{"rendered":"http:\/\/sp2bytow.home.pl\/autoinstalator\/wordpress\/?p=9686"},"modified":"2019-11-14T10:29:47","modified_gmt":"2019-11-14T10:29:47","slug":"mistrzostwa-swiata-w-karate","status":"publish","type":"post","link":"https:\/\/sp2bytow.pl\/?p=9686","title":{"rendered":"Mistrzostwa \u015bwiata w karate"},"content":{"rendered":"<p>&nbsp;<\/p>\n<p>W dniu 10.11.2019r. w Brnie, w Czechach odby\u0142y si\u0119 \u015awiatowe Mistrzostwa Dzieci, Kadet\u00f3w i Junior\u00f3w w Karate Platforma 2019. Trzech uczni\u00f3w naszej szko\u0142y stan\u0119\u0142o na podium.<\/p>\n<p>Antosia Szymczyk z klasy 1c, zdoby\u0142a z\u0142oty medal w kategorii Kata indywidualne dziewczynki (9 kyu), grupa A, oraz z\u0142oty medal w Kumite dziewczynki (9 kyu), grupa A.<\/p>\n<p>Agata Hoppe z klasy 1b, zdoby\u0142a srebrny medal w Kata indywidualnym oraz br\u0105zowy medal w Kumite indywidualnym.<\/p>\n<p>W tych samych zawodach bra\u0142 r\u00f3wnie\u017c udzia\u0142 Maciek Chrzan z klasy I d, zdobywaj\u0105c z\u0142oty medal w kategorii Kata indywidualne ch\u0142opcy ( 9 kyu),\u00a0grupa A, i br\u0105zowy w Kumite ch\u0142opcy (9 kyu ),\u00a0grupa A.<\/p>\n<p>Wszyscy zawodnicy \u0107wicz\u0105 w Karate Klub Byt\u00f3w,\u00a0 u senseia\u00a0 Micha\u0142a Gawro\u0144skiego.<\/p>\n<p>Gratulujemy i \u017cyczymy dalszych sukces\u00f3w!<\/p>\n<p>&nbsp;<\/p>\n<p>&nbsp;<\/p>\n<p>[nggallery id=399]<\/p>\n<p>[nggallery id=400]<\/p>\n","protected":false},"excerpt":{"rendered":"<p>&nbsp; W dniu 10.11.2019r. w Brnie, w Czechach odby\u0142y si\u0119 \u015awiatowe Mistrzostwa Dzieci, Kadet\u00f3w i Junior\u00f3w w Karate Platforma 2019. Trzech uczni\u00f3w naszej szko\u0142y stan\u0119\u0142o na podium. Antosia Szymczyk z klasy 1c, zdoby\u0142a z\u0142oty medal w kategorii Kata indywidualne dziewczynki (9 kyu), grupa A, oraz z\u0142oty medal w Kumite dziewczynki (9 kyu), grupa A. Agata [&hellip;]<\/p>\n","protected":false},"author":4,"featured_media":9692,"comment_status":"closed","ping_status":"closed","sticky":false,"template":"","format":"standard","meta":{"footnotes":""},"categories":[3,10,7,6],"tags":[],"class_list":["post-9686","post","type-post","status-publish","format-standard","has-post-thumbnail","hentry","category-aktualnosci","category-galeria","category-nasze-sukcesy","category-sport"],"_links":{"self":[{"href":"https:\/\/sp2bytow.pl\/index.php?rest_route=\/wp\/v2\/posts\/9686","targetHints":{"allow":["GET"]}}],"collection":[{"href":"https:\/\/sp2bytow.pl\/index.php?rest_route=\/wp\/v2\/posts"}],"about":[{"href":"https:\/\/sp2bytow.pl\/index.php?rest_route=\/wp\/v2\/types\/post"}],"author":[{"embeddable":true,"href":"https:\/\/sp2bytow.pl\/index.php?rest_route=\/wp\/v2\/users\/4"}],"replies":[{"embeddable":true,"href":"https:\/\/sp2bytow.pl\/index.php?rest_route=%2Fwp%2Fv2%2Fcomments&post=9686"}],"version-history":[{"count":2,"href":"https:\/\/sp2bytow.pl\/index.php?rest_route=\/wp\/v2\/posts\/9686\/revisions"}],"predecessor-version":[{"id":9699,"href":"https:\/\/sp2bytow.pl\/index.php?rest_route=\/wp\/v2\/posts\/9686\/revisions\/9699"}],"wp:featuredmedia":[{"embeddable":true,"href":"https:\/\/sp2bytow.pl\/index.php?rest_route=\/wp\/v2\/media\/9692"}],"wp:attachment":[{"href":"https:\/\/sp2bytow.pl\/index.php?rest_route=%2Fwp%2Fv2%2Fmedia&parent=9686"}],"wp:term":[{"taxonomy":"category","embeddable":true,"href":"https:\/\/sp2bytow.pl\/index.php?rest_route=%2Fwp%2Fv2%2Fcategories&post=9686"},{"taxonomy":"post_tag","embeddable":true,"href":"https:\/\/sp2bytow.pl\/index.php?rest_route=%2Fwp%2Fv2%2Ftags&post=9686"}],"curies":[{"name":"wp","href":"https:\/\/api.w.org\/{rel}","templated":true}]}}