{"id":9263,"date":"2019-09-02T11:36:31","date_gmt":"2019-09-02T11:36:31","guid":{"rendered":"http:\/\/sp2bytow.home.pl\/autoinstalator\/wordpress\/?p=9263"},"modified":"2019-09-02T11:37:01","modified_gmt":"2019-09-02T11:37:01","slug":"rozpoczecie-roku-szkolnego-20192020-2","status":"publish","type":"post","link":"https:\/\/sp2bytow.pl\/?p=9263","title":{"rendered":"Rozpocz\u0119cie roku szkolnego 2019\/2020"},"content":{"rendered":"<p>&nbsp;<\/p>\n<p style=\"text-align: center;\">Drodzy uczniowie!<br \/>\n\u017byczymy Wam na roku szkolnego pocz\u0105tek,<br \/>\nw dzienniku samych sz\u00f3stek i pi\u0105tek.<br \/>\nW \u0142awkach usi\u0105d\u017acie,<br \/>\ngrzeczni zawsze b\u0105d\u017acie.<br \/>\nUczcie si\u0119 &#8222;w dech\u0119&#8221;,<br \/>\naby z Was szko\u0142a mia\u0142a pociech\u0119.<br \/>\nW\u0142asnymi planami i pomys\u0142ami z kadr\u0105 pedagogiczn\u0105 si\u0119 dzielcie,<br \/>\nby\u015bcie aktywnie wkraczali w to przedsi\u0119wzi\u0119cie.<\/p>\n<p>[nggallery id=379]<\/p>\n","protected":false},"excerpt":{"rendered":"<p>&nbsp; Drodzy uczniowie! \u017byczymy Wam na roku szkolnego pocz\u0105tek, w dzienniku samych sz\u00f3stek i pi\u0105tek. W \u0142awkach usi\u0105d\u017acie, grzeczni zawsze b\u0105d\u017acie. Uczcie si\u0119 &#8222;w dech\u0119&#8221;, aby z Was szko\u0142a mia\u0142a pociech\u0119. W\u0142asnymi planami i pomys\u0142ami z kadr\u0105 pedagogiczn\u0105 si\u0119 dzielcie, by\u015bcie aktywnie wkraczali w to przedsi\u0119wzi\u0119cie. [nggallery id=379]<\/p>\n","protected":false},"author":4,"featured_media":9264,"comment_status":"closed","ping_status":"closed","sticky":false,"template":"","format":"standard","meta":{"footnotes":""},"categories":[3,10],"tags":[],"class_list":["post-9263","post","type-post","status-publish","format-standard","has-post-thumbnail","hentry","category-aktualnosci","category-galeria"],"_links":{"self":[{"href":"https:\/\/sp2bytow.pl\/index.php?rest_route=\/wp\/v2\/posts\/9263","targetHints":{"allow":["GET"]}}],"collection":[{"href":"https:\/\/sp2bytow.pl\/index.php?rest_route=\/wp\/v2\/posts"}],"about":[{"href":"https:\/\/sp2bytow.pl\/index.php?rest_route=\/wp\/v2\/types\/post"}],"author":[{"embeddable":true,"href":"https:\/\/sp2bytow.pl\/index.php?rest_route=\/wp\/v2\/users\/4"}],"replies":[{"embeddable":true,"href":"https:\/\/sp2bytow.pl\/index.php?rest_route=%2Fwp%2Fv2%2Fcomments&post=9263"}],"version-history":[{"count":3,"href":"https:\/\/sp2bytow.pl\/index.php?rest_route=\/wp\/v2\/posts\/9263\/revisions"}],"predecessor-version":[{"id":9267,"href":"https:\/\/sp2bytow.pl\/index.php?rest_route=\/wp\/v2\/posts\/9263\/revisions\/9267"}],"wp:featuredmedia":[{"embeddable":true,"href":"https:\/\/sp2bytow.pl\/index.php?rest_route=\/wp\/v2\/media\/9264"}],"wp:attachment":[{"href":"https:\/\/sp2bytow.pl\/index.php?rest_route=%2Fwp%2Fv2%2Fmedia&parent=9263"}],"wp:term":[{"taxonomy":"category","embeddable":true,"href":"https:\/\/sp2bytow.pl\/index.php?rest_route=%2Fwp%2Fv2%2Fcategories&post=9263"},{"taxonomy":"post_tag","embeddable":true,"href":"https:\/\/sp2bytow.pl\/index.php?rest_route=%2Fwp%2Fv2%2Ftags&post=9263"}],"curies":[{"name":"wp","href":"https:\/\/api.w.org\/{rel}","templated":true}]}}