{"id":9197,"date":"2019-06-19T06:49:16","date_gmt":"2019-06-19T06:49:16","guid":{"rendered":"http:\/\/sp2bytow.home.pl\/autoinstalator\/wordpress\/?p=9197"},"modified":"2019-11-07T13:18:30","modified_gmt":"2019-11-07T13:18:30","slug":"szkolny-teatrzyk-pacynek-3","status":"publish","type":"post","link":"https:\/\/sp2bytow.pl\/?p=9197","title":{"rendered":"SZKOLNY TEATRZYK PACYNEK"},"content":{"rendered":"<p>&nbsp;<\/p>\n<p align=\"center\"><b>SZKOLNY TEATRZYK PACYNEK<\/b><\/p>\n<p>\u00a0\u00a0\u00a0\u00a0 13 czerwca 2019 roku odby\u0142o si\u0119 w bibliotece szkolnej przedstawienie p.t. ,,Inna historia Kopciuszka\u201d. Role w sztuce odtwarzali \u015bwietliczanie z klas 2-5 i uczniowie z klasy 5C oraz najwytrwalsza aktorka szkolna z klasy 8A. Od listopada 2018 roku aktorzy szkolni \u0107wiczyli swoje role i umiej\u0119tno\u015b\u0107 poruszania pacynkami oraz poloneza. Poznawali s\u0142ownictwo, zwi\u0105zane z teatrem i sztuk\u0105, doskonalili dykcj\u0119 oraz kunszt aktorski. Przedstawienie wystawiali dwukrotnie dla klas 1 i rodzic\u00f3w 16 aktor\u00f3w.<\/p>\n<p>Wiktoria Prach i Amelia Krasucka u\u015bwietni\u0142y te wyst\u0119py piosenk\u0105 p.t.<\/p>\n<p>,, Pierwszy raz jak si\u0119ga pami\u0119\u0107\u201d z filmu ,,Kraina lodu\u201d. Niekt\u00f3re stroje pacynek uszy\u0142a p. Ma\u0142gorzata Osowska.<\/p>\n<p>Na zako\u0144czenie szkolni aktorzy otrzymali\u00a0 nagrody i dyplomy oraz s\u0142odkie upominki, ufundowane przez \u00a0wychowawczynie\u00a0klas 1.<\/p>\n<p align=\"right\">\u00a0\u00a0\u00a0\u00a0\u00a0\u00a0\u00a0\u00a0\u00a0\u00a0\u00a0\u00a0\u00a0\u00a0\u00a0\u00a0\u00a0\u00a0\u00a0\u00a0\u00a0\u00a0\u00a0\u00a0\u00a0\u00a0\u00a0\u00a0\u00a0\u00a0\u00a0\u00a0\u00a0\u00a0\u00a0\u00a0\u00a0\u00a0\u00a0\u00a0\u00a0\u00a0\u00a0\u00a0\u00a0\u00a0\u00a0\u00a0\u00a0\u00a0\u00a0\u00a0\u00a0\u00a0\u00a0\u00a0\u00a0\u00a0\u00a0\u00a0\u00a0\u00a0\u00a0\u00a0\u00a0\u00a0\u00a0\u00a0\u00a0\u00a0\u00a0\u00a0\u00a0\u00a0\u00a0\u00a0\u00a0\u00a0\u00a0\u00a0\u00a0\u00a0\u00a0\u00a0\u00a0\u00a0\u00a0\u00a0\u00a0\u00a0\u00a0\u00a0\u00a0\u00a0\u00a0\u00a0\u00a0\u00a0 Opiekunowie:<\/p>\n<p align=\"right\">Anna Ga\u0144ska-Lipi\u0144ska<\/p>\n<p align=\"right\">El\u017cbieta W\u00f3jtowicz<\/p>\n<p align=\"right\">Katarzyna Strojk :<\/p>\n<p>[nggallery id=378]<\/p>\n","protected":false},"excerpt":{"rendered":"<p>&nbsp; SZKOLNY TEATRZYK PACYNEK \u00a0\u00a0\u00a0\u00a0 13 czerwca 2019 roku odby\u0142o si\u0119 w bibliotece szkolnej przedstawienie p.t. ,,Inna historia Kopciuszka\u201d. Role w sztuce odtwarzali \u015bwietliczanie z klas 2-5 i uczniowie z klasy 5C oraz najwytrwalsza aktorka szkolna z klasy 8A. Od listopada 2018 roku aktorzy szkolni \u0107wiczyli swoje role i umiej\u0119tno\u015b\u0107 poruszania pacynkami oraz poloneza. Poznawali [&hellip;]<\/p>\n","protected":false},"author":4,"featured_media":9160,"comment_status":"closed","ping_status":"closed","sticky":false,"template":"","format":"standard","meta":{"footnotes":""},"categories":[3,4,10],"tags":[],"class_list":["post-9197","post","type-post","status-publish","format-standard","has-post-thumbnail","hentry","category-aktualnosci","category-biblioteka","category-galeria"],"_links":{"self":[{"href":"https:\/\/sp2bytow.pl\/index.php?rest_route=\/wp\/v2\/posts\/9197","targetHints":{"allow":["GET"]}}],"collection":[{"href":"https:\/\/sp2bytow.pl\/index.php?rest_route=\/wp\/v2\/posts"}],"about":[{"href":"https:\/\/sp2bytow.pl\/index.php?rest_route=\/wp\/v2\/types\/post"}],"author":[{"embeddable":true,"href":"https:\/\/sp2bytow.pl\/index.php?rest_route=\/wp\/v2\/users\/4"}],"replies":[{"embeddable":true,"href":"https:\/\/sp2bytow.pl\/index.php?rest_route=%2Fwp%2Fv2%2Fcomments&post=9197"}],"version-history":[{"count":1,"href":"https:\/\/sp2bytow.pl\/index.php?rest_route=\/wp\/v2\/posts\/9197\/revisions"}],"predecessor-version":[{"id":9198,"href":"https:\/\/sp2bytow.pl\/index.php?rest_route=\/wp\/v2\/posts\/9197\/revisions\/9198"}],"wp:featuredmedia":[{"embeddable":true,"href":"https:\/\/sp2bytow.pl\/index.php?rest_route=\/wp\/v2\/media\/9160"}],"wp:attachment":[{"href":"https:\/\/sp2bytow.pl\/index.php?rest_route=%2Fwp%2Fv2%2Fmedia&parent=9197"}],"wp:term":[{"taxonomy":"category","embeddable":true,"href":"https:\/\/sp2bytow.pl\/index.php?rest_route=%2Fwp%2Fv2%2Fcategories&post=9197"},{"taxonomy":"post_tag","embeddable":true,"href":"https:\/\/sp2bytow.pl\/index.php?rest_route=%2Fwp%2Fv2%2Ftags&post=9197"}],"curies":[{"name":"wp","href":"https:\/\/api.w.org\/{rel}","templated":true}]}}