{"id":8908,"date":"2019-05-23T11:34:23","date_gmt":"2019-05-23T11:34:23","guid":{"rendered":"http:\/\/sp2bytow.home.pl\/autoinstalator\/wordpress\/?p=8908"},"modified":"2019-05-23T11:35:25","modified_gmt":"2019-05-23T11:35:25","slug":"wyniki-szkolnego-konkursu-plastycznego-dla-klas-i-iii-z-okazji-dnia-ziemi-pt-jak-dbamy-o-nasza-planete-ziemie","status":"publish","type":"post","link":"https:\/\/sp2bytow.pl\/?p=8908","title":{"rendered":"WYNIKI  SZKOLNEGO  KONKURSU  PLASTYCZNEGO DLA KLAS I-III Z OKAZJI  DNIA ZIEMI pt. :\u201e Jak dbamy o nasz\u0105 planet\u0119  Ziemi\u0119.?\u201d"},"content":{"rendered":"<p>&nbsp;<\/p>\n<p>W dniu 22 maja 2019r komisja konkursowa w sk\u0142adzie: A.Ga\u0144ska-Lipi\u0144ska, E.W\u00f3jtowicz \u00a0oceni\u0142a prace konkursowe nast\u0119puj\u0105co:<\/p>\n<p><b><span style=\"text-decoration: underline;\">I MIEJSCE <\/span><\/b><\/p>\n<p>Sonia Tomaszewska kl.IId<\/p>\n<p><b><span style=\"text-decoration: underline;\">II MIEJSCE <\/span><\/b><\/p>\n<p>Maja Serafinowska kl.IIIa<\/p>\n<p><b><span style=\"text-decoration: underline;\">III MIEJSCE<\/span><\/b><\/p>\n<p>Robert Wo\u017aniak kl.IIc<\/p>\n<p>Lena Pa\u0142asz kl.Ia<\/p>\n<p><b><span style=\"text-decoration: underline;\">WYR\u00d3\u017bNIENIA:<\/span><\/b><\/p>\n<p>Igor\u00a0 Popowicz kl.Ia<\/p>\n<p>Maja Rychter kl.IId<\/p>\n<p>Kinga Malek kl.Ia<\/p>\n<p>Julita Lorek kl.IId<\/p>\n<p>Zofia Loll kl.IIIa<\/p>\n<p>Igor \u0141ukowicz kl..Ic<\/p>\n<p>&nbsp;<\/p>\n<p>Zwyci\u0119zcom i uczestnikom\u00a0 serdecznie\u00a0 gratulujemy i dzi\u0119kujemy za udzia\u0142 w konkursie !\u00a0 Dyplomy i nagrody laureatom zostan\u0105 wr\u0119czone na najbli\u017cszym Apelu szkolnym. Prace konkursowe s\u0105 wyeksponowane na holu szkolnym.<\/p>\n<p><span style=\"text-decoration: underline;\">Organizatorzy:<\/span> Katarzyna Strojk,\u00a0 Anna Duda, Magdalena Czerwonka.<\/p>\n","protected":false},"excerpt":{"rendered":"<p>&nbsp; W dniu 22 maja 2019r komisja konkursowa w sk\u0142adzie: A.Ga\u0144ska-Lipi\u0144ska, E.W\u00f3jtowicz \u00a0oceni\u0142a prace konkursowe nast\u0119puj\u0105co: I MIEJSCE Sonia Tomaszewska kl.IId II MIEJSCE Maja Serafinowska kl.IIIa III MIEJSCE Robert Wo\u017aniak kl.IIc Lena Pa\u0142asz kl.Ia WYR\u00d3\u017bNIENIA: Igor\u00a0 Popowicz kl.Ia Maja Rychter kl.IId Kinga Malek kl.Ia Julita Lorek kl.IId Zofia Loll kl.IIIa Igor \u0141ukowicz kl..Ic &nbsp; Zwyci\u0119zcom [&hellip;]<\/p>\n","protected":false},"author":4,"featured_media":8910,"comment_status":"closed","ping_status":"closed","sticky":false,"template":"","format":"standard","meta":{"footnotes":""},"categories":[3,7,9],"tags":[],"class_list":["post-8908","post","type-post","status-publish","format-standard","has-post-thumbnail","hentry","category-aktualnosci","category-nasze-sukcesy","category-swietlica"],"_links":{"self":[{"href":"https:\/\/sp2bytow.pl\/index.php?rest_route=\/wp\/v2\/posts\/8908","targetHints":{"allow":["GET"]}}],"collection":[{"href":"https:\/\/sp2bytow.pl\/index.php?rest_route=\/wp\/v2\/posts"}],"about":[{"href":"https:\/\/sp2bytow.pl\/index.php?rest_route=\/wp\/v2\/types\/post"}],"author":[{"embeddable":true,"href":"https:\/\/sp2bytow.pl\/index.php?rest_route=\/wp\/v2\/users\/4"}],"replies":[{"embeddable":true,"href":"https:\/\/sp2bytow.pl\/index.php?rest_route=%2Fwp%2Fv2%2Fcomments&post=8908"}],"version-history":[{"count":1,"href":"https:\/\/sp2bytow.pl\/index.php?rest_route=\/wp\/v2\/posts\/8908\/revisions"}],"predecessor-version":[{"id":8909,"href":"https:\/\/sp2bytow.pl\/index.php?rest_route=\/wp\/v2\/posts\/8908\/revisions\/8909"}],"wp:featuredmedia":[{"embeddable":true,"href":"https:\/\/sp2bytow.pl\/index.php?rest_route=\/wp\/v2\/media\/8910"}],"wp:attachment":[{"href":"https:\/\/sp2bytow.pl\/index.php?rest_route=%2Fwp%2Fv2%2Fmedia&parent=8908"}],"wp:term":[{"taxonomy":"category","embeddable":true,"href":"https:\/\/sp2bytow.pl\/index.php?rest_route=%2Fwp%2Fv2%2Fcategories&post=8908"},{"taxonomy":"post_tag","embeddable":true,"href":"https:\/\/sp2bytow.pl\/index.php?rest_route=%2Fwp%2Fv2%2Ftags&post=8908"}],"curies":[{"name":"wp","href":"https:\/\/api.w.org\/{rel}","templated":true}]}}