{"id":8739,"date":"2019-04-05T12:36:31","date_gmt":"2019-04-05T12:36:31","guid":{"rendered":"http:\/\/sp2bytow.home.pl\/autoinstalator\/wordpress\/?p=8739"},"modified":"2019-04-05T12:36:31","modified_gmt":"2019-04-05T12:36:31","slug":"wazny-komunikat-dla-rodzicow","status":"publish","type":"post","link":"https:\/\/sp2bytow.pl\/?p=8739","title":{"rendered":"Wa\u017cny komunikat dla rodzic\u00f3w!"},"content":{"rendered":"<p>Szanowni Pa\u0144stwo<\/p>\n<p>W zwi\u0105zku z wynikami przeprowadzonego referendum i akcj\u0105 strajkow\u0105, od 08 kwietnia br. zaj\u0119cia dydaktyczne w szkole b\u0119d\u0105 zawieszone. Zwracam si\u0119 do Pa\u0144stwa z pro\u015bb\u0105 o stworzenie mo\u017cliwo\u015bci zapewnienia swojemu dziecku opieki na czas strajku. Mo\u017ce doj\u015b\u0107 do sytuacji, w kt\u00f3rej opieka na \u015bwietlicy szkolnej b\u0119dzie niemo\u017cliwa.<\/p>\n<p>B\u0119dziemy Pa\u0144stwa informowali na bie\u017c\u0105co o podejmowanych decyzjach. Prosz\u0119 o \u015bledzenie informacji w Librusie lub na szkolnej stronie internetowej.<\/p>\n<p>Z powa\u017caniem Dyrektor szko\u0142y Jaros\u0142aw Jakusz<\/p>\n","protected":false},"excerpt":{"rendered":"<p>Szanowni Pa\u0144stwo W zwi\u0105zku z wynikami przeprowadzonego referendum i akcj\u0105 strajkow\u0105, od 08 kwietnia br. zaj\u0119cia dydaktyczne w szkole b\u0119d\u0105 zawieszone. Zwracam si\u0119 do Pa\u0144stwa z pro\u015bb\u0105 o stworzenie mo\u017cliwo\u015bci zapewnienia swojemu dziecku opieki na czas strajku. Mo\u017ce doj\u015b\u0107 do sytuacji, w kt\u00f3rej opieka na \u015bwietlicy szkolnej b\u0119dzie niemo\u017cliwa. B\u0119dziemy Pa\u0144stwa informowali na bie\u017c\u0105co o [&hellip;]<\/p>\n","protected":false},"author":2,"featured_media":7509,"comment_status":"closed","ping_status":"closed","sticky":false,"template":"","format":"standard","meta":{"footnotes":""},"categories":[3],"tags":[],"class_list":["post-8739","post","type-post","status-publish","format-standard","has-post-thumbnail","hentry","category-aktualnosci"],"_links":{"self":[{"href":"https:\/\/sp2bytow.pl\/index.php?rest_route=\/wp\/v2\/posts\/8739","targetHints":{"allow":["GET"]}}],"collection":[{"href":"https:\/\/sp2bytow.pl\/index.php?rest_route=\/wp\/v2\/posts"}],"about":[{"href":"https:\/\/sp2bytow.pl\/index.php?rest_route=\/wp\/v2\/types\/post"}],"author":[{"embeddable":true,"href":"https:\/\/sp2bytow.pl\/index.php?rest_route=\/wp\/v2\/users\/2"}],"replies":[{"embeddable":true,"href":"https:\/\/sp2bytow.pl\/index.php?rest_route=%2Fwp%2Fv2%2Fcomments&post=8739"}],"version-history":[{"count":1,"href":"https:\/\/sp2bytow.pl\/index.php?rest_route=\/wp\/v2\/posts\/8739\/revisions"}],"predecessor-version":[{"id":8740,"href":"https:\/\/sp2bytow.pl\/index.php?rest_route=\/wp\/v2\/posts\/8739\/revisions\/8740"}],"wp:featuredmedia":[{"embeddable":true,"href":"https:\/\/sp2bytow.pl\/index.php?rest_route=\/wp\/v2\/media\/7509"}],"wp:attachment":[{"href":"https:\/\/sp2bytow.pl\/index.php?rest_route=%2Fwp%2Fv2%2Fmedia&parent=8739"}],"wp:term":[{"taxonomy":"category","embeddable":true,"href":"https:\/\/sp2bytow.pl\/index.php?rest_route=%2Fwp%2Fv2%2Fcategories&post=8739"},{"taxonomy":"post_tag","embeddable":true,"href":"https:\/\/sp2bytow.pl\/index.php?rest_route=%2Fwp%2Fv2%2Ftags&post=8739"}],"curies":[{"name":"wp","href":"https:\/\/api.w.org\/{rel}","templated":true}]}}