{"id":8652,"date":"2019-03-13T08:17:10","date_gmt":"2019-03-13T08:17:10","guid":{"rendered":"http:\/\/sp2bytow.home.pl\/autoinstalator\/wordpress\/?p=8652"},"modified":"2019-03-13T08:19:44","modified_gmt":"2019-03-13T08:19:44","slug":"wojewodzki-konkurs-plastyczny-2","status":"publish","type":"post","link":"https:\/\/sp2bytow.pl\/?p=8652","title":{"rendered":"WOJEW\u00d3DZKI KONKURS PLASTYCZNY"},"content":{"rendered":"<p>&nbsp;<\/p>\n<p style=\"text-align: center;\"><b><i><span style=\"text-decoration: underline;\">WOJEW\u00d3DZKI KONKURS PLASTYCZNY <\/span><\/i><\/b><\/p>\n<p style=\"text-align: center;\"><b><i><span style=\"text-decoration: underline;\">pt. \u201eTw\u00f3rczo\u015b\u0107 Grzegorza Kasdepke w oczach dziecka.\u201d \u2013dla \u015bwietliczan kl.I-III.<\/span><\/i><\/b><\/p>\n<p>Konkurs jest adresowany dla <span style=\"text-decoration: underline;\">wychowank\u00f3w \u015bwietlicy<\/span> <span style=\"text-decoration: underline;\">kl.I-III , <\/span>a jego g\u0142\u00f3wnym celem jest rozwijanie czytelnictwa w\u015br\u00f3d dzieci oraz wyobra\u017ani i aktywno\u015bci plastycznej. Honorowym patronatem konkursu jest <span style=\"text-decoration: underline;\">Pomorski Kurator O\u015bwiaty. <\/span><\/p>\n<ul>\n<li><i><span style=\"text-decoration: underline;\">Format pracy<\/span><\/i><i> : nie wi\u0119kszy ni\u017c A3.Praca p\u0142aska.<\/i><\/li>\n<li><i><span style=\"text-decoration: underline;\">Technika wykonania<\/span><\/i><i>-dowolna<\/i><\/li>\n<li><i>Ka\u017cdy uczestnik mo\u017ce wykona\u0107 jedna prac\u0119 konkursow\u0105.<\/i><\/li>\n<li><i>Ka\u017cda praca powinna by\u0107 zaopatrzona w metryczk\u0119 zawieraj\u0105ca: imi\u0119 i nazwisko, klasa, nazwa szko\u0142y, imi\u0119 i nazwisko nauczyciela prowadz\u0105cego, oraz tytu\u0142 ksi\u0105\u017cki G.Kasdepke, kt\u00f3ra by\u0142a inspiracj\u0105 do wykonania pracy.(drukowany zapis informacji.)<\/i><\/li>\n<li><i>Prace nale\u017cy sk\u0142ada\u0107 <b><span style=\"text-decoration: underline;\">do \u015bwietlicy szkolnej SP nr 2 w Bytowie \u00a0kl.I-III do 12.04.2019r.<\/span><\/b><\/i><\/li>\n<li><i>Oceny prac bior\u0105cych udzia\u0142 dokona komisja powo\u0142ana przez koordynatora konkursu, kryteria oceny prac: estetyka i samodzielno\u015b\u0107 wykonania pracy, kreatywno\u015b\u0107 i pomys\u0142owo\u015b\u0107.<\/i><\/li>\n<li><i>Termin og\u0142oszenia wynik\u00f3w-14 maja 2019r poprzez publikacje nazwisk laureat\u00f3w na stronie internetowej szko\u0142y: <\/i><a href=\"http:\/\/www.sp89.pl\/\"><i>www.sp89.pl<\/i><\/a><i> i na naszej stronie internetowej szko\u0142y <\/i><a href=\"http:\/\/www.sp2bytow.pl\/\"><i>www.sp2bytow.pl<\/i><\/a><i> <\/i><\/li>\n<li><i>Ka\u017cda ze \u015bwietlic mo\u017ce dostarczy\u0107 maksymalnie 6 prac<\/i><\/li>\n<li><i>Prace zg\u0142oszone do konkursu nie b\u0119d\u0105 zwracane autorom.<\/i><\/li>\n<\/ul>\n<p><i>\u00a0<\/i><\/p>\n<p><b><i><span style=\"text-decoration: underline;\">Koordynatorzy konkursu:<\/span><\/i><\/b><\/p>\n<p>K.Strojk, A.Duda, M.Czerwonka,K.Gliszczy\u0144ska-W\u0119sierska.<\/p>\n","protected":false},"excerpt":{"rendered":"<p>&nbsp; WOJEW\u00d3DZKI KONKURS PLASTYCZNY pt. \u201eTw\u00f3rczo\u015b\u0107 Grzegorza Kasdepke w oczach dziecka.\u201d \u2013dla \u015bwietliczan kl.I-III. Konkurs jest adresowany dla wychowank\u00f3w \u015bwietlicy kl.I-III , a jego g\u0142\u00f3wnym celem jest rozwijanie czytelnictwa w\u015br\u00f3d dzieci oraz wyobra\u017ani i aktywno\u015bci plastycznej. Honorowym patronatem konkursu jest Pomorski Kurator O\u015bwiaty. Format pracy : nie wi\u0119kszy ni\u017c A3.Praca p\u0142aska. Technika wykonania-dowolna Ka\u017cdy uczestnik [&hellip;]<\/p>\n","protected":false},"author":4,"featured_media":8654,"comment_status":"closed","ping_status":"closed","sticky":false,"template":"","format":"standard","meta":{"footnotes":""},"categories":[3,24,9],"tags":[],"class_list":["post-8652","post","type-post","status-publish","format-standard","has-post-thumbnail","hentry","category-aktualnosci","category-dla-uczniow","category-swietlica"],"_links":{"self":[{"href":"https:\/\/sp2bytow.pl\/index.php?rest_route=\/wp\/v2\/posts\/8652","targetHints":{"allow":["GET"]}}],"collection":[{"href":"https:\/\/sp2bytow.pl\/index.php?rest_route=\/wp\/v2\/posts"}],"about":[{"href":"https:\/\/sp2bytow.pl\/index.php?rest_route=\/wp\/v2\/types\/post"}],"author":[{"embeddable":true,"href":"https:\/\/sp2bytow.pl\/index.php?rest_route=\/wp\/v2\/users\/4"}],"replies":[{"embeddable":true,"href":"https:\/\/sp2bytow.pl\/index.php?rest_route=%2Fwp%2Fv2%2Fcomments&post=8652"}],"version-history":[{"count":1,"href":"https:\/\/sp2bytow.pl\/index.php?rest_route=\/wp\/v2\/posts\/8652\/revisions"}],"predecessor-version":[{"id":8653,"href":"https:\/\/sp2bytow.pl\/index.php?rest_route=\/wp\/v2\/posts\/8652\/revisions\/8653"}],"wp:featuredmedia":[{"embeddable":true,"href":"https:\/\/sp2bytow.pl\/index.php?rest_route=\/wp\/v2\/media\/8654"}],"wp:attachment":[{"href":"https:\/\/sp2bytow.pl\/index.php?rest_route=%2Fwp%2Fv2%2Fmedia&parent=8652"}],"wp:term":[{"taxonomy":"category","embeddable":true,"href":"https:\/\/sp2bytow.pl\/index.php?rest_route=%2Fwp%2Fv2%2Fcategories&post=8652"},{"taxonomy":"post_tag","embeddable":true,"href":"https:\/\/sp2bytow.pl\/index.php?rest_route=%2Fwp%2Fv2%2Ftags&post=8652"}],"curies":[{"name":"wp","href":"https:\/\/api.w.org\/{rel}","templated":true}]}}