{"id":8624,"date":"2019-02-08T09:43:46","date_gmt":"2019-02-08T09:43:46","guid":{"rendered":"http:\/\/sp2bytow.home.pl\/autoinstalator\/wordpress\/?p=8624"},"modified":"2019-03-07T10:30:44","modified_gmt":"2019-03-07T10:30:44","slug":"szkolny-konkurs-piosenki-polskiej-2","status":"publish","type":"post","link":"https:\/\/sp2bytow.pl\/?p=8624","title":{"rendered":"Szkolny Konkurs Piosenki Polskiej"},"content":{"rendered":"<p>W dniu 5.02.2019 odby\u0142 si\u0119 Szkolny Konkurs Piosenki dla klas I-VIII. Wzi\u0119\u0142o w nim udzia\u0142 32 uczni\u00f3w.<br \/>\nW pionie klas I-III okaza\u0142y si\u0119:<\/p>\n<p>I miejsce &#8211; Agata Karpi\u0144ska<br \/>\nII miejsce &#8211; Magdalena Lemann<br \/>\nIII miejsce &#8211; Ada Trzebiatowska-Kirbiyik oraz Daria Szczerba.<\/p>\n<p>Wyr\u00f3\u017cnienie otrzyma\u0142a Lena Ca\u0142a.<\/p>\n<p>W\u015br\u00f3d uczni\u00f3w klas IV-VIII:<\/p>\n<p>I miejsce &#8211; Wiktoria Prach<br \/>\nII miejsce &#8211; Hanna Chylewska<br \/>\nIII miejsce &#8211; Hanna Knut<\/p>\n<p>Wyr\u00f3\u017cnienia zdoby\u0142y: Martyna Cie\u015bli\u0144ska, Oliwia Jereczek, Jagoda Kwasigroch, Marcelina Meller i Julia Olejniczak.<\/p>\n<p>&nbsp;<\/p>\n<p>&nbsp;<\/p>\n<p>[nggallery id=347]<\/p>\n","protected":false},"excerpt":{"rendered":"<p>W dniu 5.02.2019 odby\u0142 si\u0119 Szkolny Konkurs Piosenki dla klas I-VIII. Wzi\u0119\u0142o w nim udzia\u0142 32 uczni\u00f3w. W pionie klas I-III okaza\u0142y si\u0119: I miejsce &#8211; Agata Karpi\u0144ska II miejsce &#8211; Magdalena Lemann III miejsce &#8211; Ada Trzebiatowska-Kirbiyik oraz Daria Szczerba. Wyr\u00f3\u017cnienie otrzyma\u0142a Lena Ca\u0142a. W\u015br\u00f3d uczni\u00f3w klas IV-VIII: I miejsce &#8211; Wiktoria Prach II [&hellip;]<\/p>\n","protected":false},"author":4,"featured_media":8627,"comment_status":"closed","ping_status":"closed","sticky":false,"template":"","format":"standard","meta":{"footnotes":""},"categories":[3],"tags":[],"class_list":["post-8624","post","type-post","status-publish","format-standard","has-post-thumbnail","hentry","category-aktualnosci"],"_links":{"self":[{"href":"https:\/\/sp2bytow.pl\/index.php?rest_route=\/wp\/v2\/posts\/8624","targetHints":{"allow":["GET"]}}],"collection":[{"href":"https:\/\/sp2bytow.pl\/index.php?rest_route=\/wp\/v2\/posts"}],"about":[{"href":"https:\/\/sp2bytow.pl\/index.php?rest_route=\/wp\/v2\/types\/post"}],"author":[{"embeddable":true,"href":"https:\/\/sp2bytow.pl\/index.php?rest_route=\/wp\/v2\/users\/4"}],"replies":[{"embeddable":true,"href":"https:\/\/sp2bytow.pl\/index.php?rest_route=%2Fwp%2Fv2%2Fcomments&post=8624"}],"version-history":[{"count":3,"href":"https:\/\/sp2bytow.pl\/index.php?rest_route=\/wp\/v2\/posts\/8624\/revisions"}],"predecessor-version":[{"id":8641,"href":"https:\/\/sp2bytow.pl\/index.php?rest_route=\/wp\/v2\/posts\/8624\/revisions\/8641"}],"wp:featuredmedia":[{"embeddable":true,"href":"https:\/\/sp2bytow.pl\/index.php?rest_route=\/wp\/v2\/media\/8627"}],"wp:attachment":[{"href":"https:\/\/sp2bytow.pl\/index.php?rest_route=%2Fwp%2Fv2%2Fmedia&parent=8624"}],"wp:term":[{"taxonomy":"category","embeddable":true,"href":"https:\/\/sp2bytow.pl\/index.php?rest_route=%2Fwp%2Fv2%2Fcategories&post=8624"},{"taxonomy":"post_tag","embeddable":true,"href":"https:\/\/sp2bytow.pl\/index.php?rest_route=%2Fwp%2Fv2%2Ftags&post=8624"}],"curies":[{"name":"wp","href":"https:\/\/api.w.org\/{rel}","templated":true}]}}