{"id":8560,"date":"2019-02-05T07:44:24","date_gmt":"2019-02-05T07:44:24","guid":{"rendered":"http:\/\/sp2bytow.home.pl\/autoinstalator\/wordpress\/?p=8560"},"modified":"2019-02-05T07:45:18","modified_gmt":"2019-02-05T07:45:18","slug":"bal-karnawalowy-w-swietlicy-kl-i-ii","status":"publish","type":"post","link":"https:\/\/sp2bytow.pl\/?p=8560","title":{"rendered":"BAL KARNAWA\u0141OWY W \u015aWIETLICY KL.I-II"},"content":{"rendered":"<p align=\"center\">W dniu 24 stycznia 2019r. w \u015bwietlicy\u00a0 szkolnej klas I-II odby\u0142 si\u0119 coroczny<\/p>\n<p>Bal karnawa\u0142owy dla \u015bwietliczan klas 1 i 2. Na 1 godz. lekcyjnej\u00a0 by\u0142<\/p>\n<p>pocz\u0119stunek ,a na drugiej bawili\u015bmy si\u0119 w rytmie dzieci\u0119cych przeboj\u00f3w,<\/p>\n<p>odby\u0142y si\u0119 r\u00f3wnie\u017c konkursy taneczne. Zwyci\u0119zcy otrzymali nagrody pocieszenia.<\/p>\n<p>Organizatorzy:<\/p>\n<p>Anna Duda, Katarzyna Strojk.<\/p>\n<p>&nbsp;<\/p>\n<p>[nggallery id=344]<\/p>\n<p>&nbsp;<\/p>\n","protected":false},"excerpt":{"rendered":"<p>W dniu 24 stycznia 2019r. w \u015bwietlicy\u00a0 szkolnej klas I-II odby\u0142 si\u0119 coroczny Bal karnawa\u0142owy dla \u015bwietliczan klas 1 i 2. Na 1 godz. lekcyjnej\u00a0 by\u0142 pocz\u0119stunek ,a na drugiej bawili\u015bmy si\u0119 w rytmie dzieci\u0119cych przeboj\u00f3w, odby\u0142y si\u0119 r\u00f3wnie\u017c konkursy taneczne. Zwyci\u0119zcy otrzymali nagrody pocieszenia. Organizatorzy: Anna Duda, Katarzyna Strojk. &nbsp; [nggallery id=344] &nbsp;<\/p>\n","protected":false},"author":4,"featured_media":8565,"comment_status":"closed","ping_status":"closed","sticky":false,"template":"","format":"standard","meta":{"footnotes":""},"categories":[3,9],"tags":[],"class_list":["post-8560","post","type-post","status-publish","format-standard","has-post-thumbnail","hentry","category-aktualnosci","category-swietlica"],"_links":{"self":[{"href":"https:\/\/sp2bytow.pl\/index.php?rest_route=\/wp\/v2\/posts\/8560","targetHints":{"allow":["GET"]}}],"collection":[{"href":"https:\/\/sp2bytow.pl\/index.php?rest_route=\/wp\/v2\/posts"}],"about":[{"href":"https:\/\/sp2bytow.pl\/index.php?rest_route=\/wp\/v2\/types\/post"}],"author":[{"embeddable":true,"href":"https:\/\/sp2bytow.pl\/index.php?rest_route=\/wp\/v2\/users\/4"}],"replies":[{"embeddable":true,"href":"https:\/\/sp2bytow.pl\/index.php?rest_route=%2Fwp%2Fv2%2Fcomments&post=8560"}],"version-history":[{"count":2,"href":"https:\/\/sp2bytow.pl\/index.php?rest_route=\/wp\/v2\/posts\/8560\/revisions"}],"predecessor-version":[{"id":8574,"href":"https:\/\/sp2bytow.pl\/index.php?rest_route=\/wp\/v2\/posts\/8560\/revisions\/8574"}],"wp:featuredmedia":[{"embeddable":true,"href":"https:\/\/sp2bytow.pl\/index.php?rest_route=\/wp\/v2\/media\/8565"}],"wp:attachment":[{"href":"https:\/\/sp2bytow.pl\/index.php?rest_route=%2Fwp%2Fv2%2Fmedia&parent=8560"}],"wp:term":[{"taxonomy":"category","embeddable":true,"href":"https:\/\/sp2bytow.pl\/index.php?rest_route=%2Fwp%2Fv2%2Fcategories&post=8560"},{"taxonomy":"post_tag","embeddable":true,"href":"https:\/\/sp2bytow.pl\/index.php?rest_route=%2Fwp%2Fv2%2Ftags&post=8560"}],"curies":[{"name":"wp","href":"https:\/\/api.w.org\/{rel}","templated":true}]}}