{"id":591,"date":"2012-11-09T11:50:42","date_gmt":"2012-11-09T11:50:42","guid":{"rendered":"http:\/\/sp2bytow.home.pl\/autoinstalator\/wordpress\/?p=591"},"modified":"2012-11-16T10:14:00","modified_gmt":"2012-11-16T10:14:00","slug":"apel-z-okazji-11-listopada","status":"publish","type":"post","link":"https:\/\/sp2bytow.pl\/?p=591","title":{"rendered":"Apel z okazji 11 listopada"},"content":{"rendered":"<p>W piatek 9.11.2012r. o godz. 12.00 w naszej szkole odby\u0142 si\u0119 apel z okazji 11 listopada. \u015awi\u0119towali\u015bmy 94 rocznic\u0119 Odzyskania Niepodleg\u0142o\u015bci przez Polsk\u0119. Przedstawienie przygotowa\u0142a klasa VE z wychowawczyni\u0105\u00a0 Pani\u0105 Iwon\u0105 Domaszk oraz ch\u00f3rem szkolnym prowadzonym przez Pani\u0105 Magdalen\u0119 Czerwonka.<\/p>\n<p>[nggallery id=18]<\/p>\n<p>&nbsp;<\/p>\n<p>&nbsp;<\/p>\n","protected":false},"excerpt":{"rendered":"<p>W piatek 9.11.2012r. o godz. 12.00 w naszej szkole odby\u0142 si\u0119 apel z okazji 11 listopada. \u015awi\u0119towali\u015bmy 94 rocznic\u0119 Odzyskania Niepodleg\u0142o\u015bci przez Polsk\u0119. Przedstawienie przygotowa\u0142a klasa VE z wychowawczyni\u0105\u00a0 Pani\u0105 Iwon\u0105 Domaszk oraz ch\u00f3rem szkolnym prowadzonym przez Pani\u0105 Magdalen\u0119 Czerwonka. [nggallery id=18] &nbsp; &nbsp;<\/p>\n","protected":false},"author":4,"featured_media":0,"comment_status":"closed","ping_status":"open","sticky":false,"template":"","format":"standard","meta":{"footnotes":""},"categories":[3],"tags":[],"class_list":["post-591","post","type-post","status-publish","format-standard","hentry","category-aktualnosci"],"_links":{"self":[{"href":"https:\/\/sp2bytow.pl\/index.php?rest_route=\/wp\/v2\/posts\/591","targetHints":{"allow":["GET"]}}],"collection":[{"href":"https:\/\/sp2bytow.pl\/index.php?rest_route=\/wp\/v2\/posts"}],"about":[{"href":"https:\/\/sp2bytow.pl\/index.php?rest_route=\/wp\/v2\/types\/post"}],"author":[{"embeddable":true,"href":"https:\/\/sp2bytow.pl\/index.php?rest_route=\/wp\/v2\/users\/4"}],"replies":[{"embeddable":true,"href":"https:\/\/sp2bytow.pl\/index.php?rest_route=%2Fwp%2Fv2%2Fcomments&post=591"}],"version-history":[{"count":8,"href":"https:\/\/sp2bytow.pl\/index.php?rest_route=\/wp\/v2\/posts\/591\/revisions"}],"predecessor-version":[{"id":618,"href":"https:\/\/sp2bytow.pl\/index.php?rest_route=\/wp\/v2\/posts\/591\/revisions\/618"}],"wp:attachment":[{"href":"https:\/\/sp2bytow.pl\/index.php?rest_route=%2Fwp%2Fv2%2Fmedia&parent=591"}],"wp:term":[{"taxonomy":"category","embeddable":true,"href":"https:\/\/sp2bytow.pl\/index.php?rest_route=%2Fwp%2Fv2%2Fcategories&post=591"},{"taxonomy":"post_tag","embeddable":true,"href":"https:\/\/sp2bytow.pl\/index.php?rest_route=%2Fwp%2Fv2%2Ftags&post=591"}],"curies":[{"name":"wp","href":"https:\/\/api.w.org\/{rel}","templated":true}]}}