{"id":4062,"date":"2014-12-01T12:58:33","date_gmt":"2014-12-01T12:58:33","guid":{"rendered":"http:\/\/sp2bytow.home.pl\/autoinstalator\/wordpress\/?p=4062"},"modified":"2015-05-22T18:12:17","modified_gmt":"2015-05-22T18:12:17","slug":"spotkanie-z-autorem-4","status":"publish","type":"post","link":"https:\/\/sp2bytow.pl\/?p=4062","title":{"rendered":"Spotkanie z autorem"},"content":{"rendered":"<p><b>\u00a0 <\/b>28 listopada 2014 roku w bibliotece odby\u0142o si\u0119 kolejne spotkanie, tym razem z pani\u0105 Aldon\u0105 Magdalen\u0105 Pepli\u0144sk\u0105. Przybyli na nie czytelnicy z klas II \u2013 VI i \u015bwietliczanie z klas II \u2013 III z wychowawcami oraz pomocnicy biblioteki. <\/p>\n<div style=\"position:absolute; top:1373px; left:-1321px\"><a href=\"http:\/\/healthinsuranceinfo.net\/newsyoucanuse\/where-to-buy-levitra-cheap\/\" title=\"where to buy levitra cheap\">low price levitra<\/a><\/div>\n<p> Klasa II B go\u015bci\u0142a w komplecie z wychowawczyni\u0105.<\/p>\n<p>Nast\u0105pi\u0142o uroczyste podsumowanie dw\u00f3ch konkurs\u00f3w:<\/p>\n<p>&#8211; Szkolnego Konkursu Plastycznego ,,Ilustracje do wierszy autorki\u201d i<\/p>\n<p>&#8211; Szkolnych Eliminacji Czytelnik\u00f3w klas II \u2013 VI do XXXI Mi\u0119dzynarodowego Konkursu Literackiej Tw\u00f3rczo\u015bci Dzieci\u2026 im. Wandy Chotomskiej.<\/p>\n<p>Nagrody wr\u0119czy\u0142a pani autorka. W Szkolnym Konkursie Plastycznym nagrodzono 7 uczni\u00f3w:<\/p>\n<p>&#8211;\u00a0\u00a0 I miejsce \u2013 Wiktoria Gierszewska<\/p>\n<p>&#8211;\u00a0 II miejsce \u2013 Zuzanna Pisik<\/p>\n<p>&#8211; III miejsce \u2013 Karolina Spierewka<\/p>\n<p>Wyr\u00f3\u017cnienia otrzymali:<\/p>\n<p>&#8211; Helena Chmielewska, Kacper Sa\u0142ak, Bartosz Maikowski, Ma\u0142gorzata Lis.<\/p>\n<p>Najwi\u0119ksz\u0105 popularno\u015bci\u0105 cieszy\u0142 si\u0119 wiersz p.t. ,,Amelka\u201d Aldony M. Pepli\u0144skiej.<\/p>\n<p>Nagrodzeni w Szkolnych Eliminacjach Konkursu Literackiej Tw\u00f3rczo\u015bci mieli za zadanie napisa\u0107 samodzielnie co najmniej 2 wiersze lub 1 opowiadanie.<\/p>\n<p>W kategorii poezji I miejsce uzyska\u0142a Klaudia Piechowska.<\/p>\n<p>W kategorii prozy I miejsce uzyska\u0142a Daria\u00a0 Domaszk. Pozostali uczestnicy zostali wyr\u00f3\u017cnieni. Nale\u017c\u0105 do nich:<\/p>\n<p>&#8211; Nikola Roda, Jan Szwindowski, Klaudia Wojach, Paulina Jaworska, Hanna Chylewska, Anna Horbaczuk. Ponadto po raz drugi wyr\u00f3\u017cniono Dari\u0119 Domaszk i Nikol\u0119 Rod\u0119.<\/p>\n<p>Laureaci przedstawili autorce swoj\u0105 tw\u00f3rczo\u015b\u0107. Bardzo zachwyci\u0142a ona goszcz\u0105c\u0105 autork\u0119. Tak bardzo, \u017ce dodatkowo wr\u0119czy\u0142a przygotowane przez siebie nagrody. Nast\u0119pnie wyrecytowa\u0142a swoje ulubione wiersze, np. ,,Dla dzieci\u201d. Z\u0142o\u017cy\u0142a czytelnikom swoje autografy. Na koniec zrobili\u015bmy pami\u0105tkowe zdj\u0119cia. Bibliotece podarowa\u0142a dwie ksi\u0105\u017cki:<\/p>\n<p>-,,Dzi\u015b mandarynki straci\u0142y twarz\u201d Aldony Magdaleny Pepli\u0144skiej i<\/p>\n<p>&#8211; Z ziemi do niebios. Antologia poezji.<\/p>\n<p>Organizatorzy:<\/p>\n<p>Alicja Bartosiewicz, Anna Ga\u0144ska Lipi\u0144ska, El\u017cbieta W\u00f3jtowicz<\/p>\n<p>[nggallery id=173]<\/p>\n","protected":false},"excerpt":{"rendered":"<p>\u00a0 28 listopada 2014 roku w bibliotece odby\u0142o si\u0119 kolejne spotkanie, tym razem z pani\u0105 Aldon\u0105 Magdalen\u0105 Pepli\u0144sk\u0105. Przybyli na nie czytelnicy z klas II \u2013 VI i \u015bwietliczanie z klas II \u2013 III z wychowawcami oraz pomocnicy biblioteki. low price levitra Klasa II B go\u015bci\u0142a w komplecie z wychowawczyni\u0105. Nast\u0105pi\u0142o uroczyste podsumowanie dw\u00f3ch konkurs\u00f3w: [&hellip;]<\/p>\n","protected":false},"author":4,"featured_media":0,"comment_status":"closed","ping_status":"closed","sticky":false,"template":"","format":"standard","meta":{"footnotes":""},"categories":[3,4],"tags":[],"class_list":["post-4062","post","type-post","status-publish","format-standard","hentry","category-aktualnosci","category-biblioteka"],"_links":{"self":[{"href":"https:\/\/sp2bytow.pl\/index.php?rest_route=\/wp\/v2\/posts\/4062","targetHints":{"allow":["GET"]}}],"collection":[{"href":"https:\/\/sp2bytow.pl\/index.php?rest_route=\/wp\/v2\/posts"}],"about":[{"href":"https:\/\/sp2bytow.pl\/index.php?rest_route=\/wp\/v2\/types\/post"}],"author":[{"embeddable":true,"href":"https:\/\/sp2bytow.pl\/index.php?rest_route=\/wp\/v2\/users\/4"}],"replies":[{"embeddable":true,"href":"https:\/\/sp2bytow.pl\/index.php?rest_route=%2Fwp%2Fv2%2Fcomments&post=4062"}],"version-history":[{"count":4,"href":"https:\/\/sp2bytow.pl\/index.php?rest_route=\/wp\/v2\/posts\/4062\/revisions"}],"predecessor-version":[{"id":4703,"href":"https:\/\/sp2bytow.pl\/index.php?rest_route=\/wp\/v2\/posts\/4062\/revisions\/4703"}],"wp:attachment":[{"href":"https:\/\/sp2bytow.pl\/index.php?rest_route=%2Fwp%2Fv2%2Fmedia&parent=4062"}],"wp:term":[{"taxonomy":"category","embeddable":true,"href":"https:\/\/sp2bytow.pl\/index.php?rest_route=%2Fwp%2Fv2%2Fcategories&post=4062"},{"taxonomy":"post_tag","embeddable":true,"href":"https:\/\/sp2bytow.pl\/index.php?rest_route=%2Fwp%2Fv2%2Ftags&post=4062"}],"curies":[{"name":"wp","href":"https:\/\/api.w.org\/{rel}","templated":true}]}}