{"id":4010,"date":"2014-11-14T08:27:31","date_gmt":"2014-11-14T08:27:31","guid":{"rendered":"http:\/\/sp2bytow.home.pl\/autoinstalator\/wordpress\/?p=4010"},"modified":"2014-11-14T08:27:31","modified_gmt":"2014-11-14T08:27:31","slug":"powiatowy-konkurs-piosenki-patriotycznej","status":"publish","type":"post","link":"https:\/\/sp2bytow.pl\/?p=4010","title":{"rendered":"Powiatowy konkurs Piosenki Patriotycznej"},"content":{"rendered":"<p>W dniu 6.11.2014r. uczniowie naszej szko\u0142y wzi\u0119li udzia\u0142 w III Powiatowym Konkursie Piosenki Patriotycznej w Niezabyszewie. Agnieszka Brzozecka, Julia i Karolina Nazarko zdoby\u0142y II miejsce w kategorii zespo\u0142\u00f3w wokalnych klas IV-VI za wykonanie pie\u015bni &#8222;U\u0142ani, u\u0142ani&#8221;. Anna Jensen otrzyma\u0142a wyr\u00f3\u017cnienie \u015bpiewaj\u0105c &#8222;Bia\u0142e r\u00f3\u017ce&#8221; w kategorii solist\u00f3w klas IV &#8211; VI.<\/p>\n<p>Gratulujemy i \u017cyczymy dalszych sukces\u00f3w<\/p>\n","protected":false},"excerpt":{"rendered":"<p>W dniu 6.11.2014r. uczniowie naszej szko\u0142y wzi\u0119li udzia\u0142 w III Powiatowym Konkursie Piosenki Patriotycznej w Niezabyszewie. Agnieszka Brzozecka, Julia i Karolina Nazarko zdoby\u0142y II miejsce w kategorii zespo\u0142\u00f3w wokalnych klas IV-VI za wykonanie pie\u015bni &#8222;U\u0142ani, u\u0142ani&#8221;. Anna Jensen otrzyma\u0142a wyr\u00f3\u017cnienie \u015bpiewaj\u0105c &#8222;Bia\u0142e r\u00f3\u017ce&#8221; w kategorii solist\u00f3w klas IV &#8211; VI. Gratulujemy i \u017cyczymy dalszych sukces\u00f3w<\/p>\n","protected":false},"author":4,"featured_media":0,"comment_status":"closed","ping_status":"closed","sticky":false,"template":"","format":"standard","meta":{"footnotes":""},"categories":[3],"tags":[],"class_list":["post-4010","post","type-post","status-publish","format-standard","hentry","category-aktualnosci"],"_links":{"self":[{"href":"https:\/\/sp2bytow.pl\/index.php?rest_route=\/wp\/v2\/posts\/4010","targetHints":{"allow":["GET"]}}],"collection":[{"href":"https:\/\/sp2bytow.pl\/index.php?rest_route=\/wp\/v2\/posts"}],"about":[{"href":"https:\/\/sp2bytow.pl\/index.php?rest_route=\/wp\/v2\/types\/post"}],"author":[{"embeddable":true,"href":"https:\/\/sp2bytow.pl\/index.php?rest_route=\/wp\/v2\/users\/4"}],"replies":[{"embeddable":true,"href":"https:\/\/sp2bytow.pl\/index.php?rest_route=%2Fwp%2Fv2%2Fcomments&post=4010"}],"version-history":[{"count":1,"href":"https:\/\/sp2bytow.pl\/index.php?rest_route=\/wp\/v2\/posts\/4010\/revisions"}],"predecessor-version":[{"id":4011,"href":"https:\/\/sp2bytow.pl\/index.php?rest_route=\/wp\/v2\/posts\/4010\/revisions\/4011"}],"wp:attachment":[{"href":"https:\/\/sp2bytow.pl\/index.php?rest_route=%2Fwp%2Fv2%2Fmedia&parent=4010"}],"wp:term":[{"taxonomy":"category","embeddable":true,"href":"https:\/\/sp2bytow.pl\/index.php?rest_route=%2Fwp%2Fv2%2Fcategories&post=4010"},{"taxonomy":"post_tag","embeddable":true,"href":"https:\/\/sp2bytow.pl\/index.php?rest_route=%2Fwp%2Fv2%2Ftags&post=4010"}],"curies":[{"name":"wp","href":"https:\/\/api.w.org\/{rel}","templated":true}]}}