{"id":3927,"date":"2014-10-30T11:49:47","date_gmt":"2014-10-30T11:49:47","guid":{"rendered":"http:\/\/sp2bytow.home.pl\/autoinstalator\/wordpress\/?p=3927"},"modified":"2014-10-31T07:08:25","modified_gmt":"2014-10-31T07:08:25","slug":"podsumowanie-konkursu-badz-soba-nie-daj-sie-nalogom","status":"publish","type":"post","link":"https:\/\/sp2bytow.pl\/?p=3927","title":{"rendered":"Podsumowanie Konkursu &#8222;B\u0105d\u017a sob\u0105, nie daj si\u0119 na\u0142ogom&#8221;"},"content":{"rendered":"<p>Dzisiaj tj. 30.10.2014r. odby\u0142o si\u0119 uroczyste podsumowanie Konkursu organizowanego przez Specjalny O\u015brodek Szkolno Wychowawczy.\u00a0 W naszej szkole zostali wytypowani laureaci konkursu<\/p>\n<p>I miejsce w kategorii klas I -III zdoby\u0142a <strong>Pola Jenczyk z klasy III B (op. Joanna Wrzesi\u0144ska)<br \/>\n<\/strong><\/p>\n<p>Wyr\u00f3\u017cnienia otrzymali: <strong>Jagoda Geleta z kl. II A ( op. Katarzyna Strojk)\u00a0<\/strong> oraz<strong> Pawe\u0142 Ko\u017cyczkowski z kl. III E (op. Irena Zahoroda)<br \/>\n<\/strong><\/p>\n<p>[nggallery id=165]<\/p>\n<p>&nbsp;<\/p>\n","protected":false},"excerpt":{"rendered":"<p>Dzisiaj tj. 30.10.2014r. odby\u0142o si\u0119 uroczyste podsumowanie Konkursu organizowanego przez Specjalny O\u015brodek Szkolno Wychowawczy.\u00a0 W naszej szkole zostali wytypowani laureaci konkursu I miejsce w kategorii klas I -III zdoby\u0142a Pola Jenczyk z klasy III B (op. Joanna Wrzesi\u0144ska) Wyr\u00f3\u017cnienia otrzymali: Jagoda Geleta z kl. II A ( op. Katarzyna Strojk)\u00a0 oraz Pawe\u0142 Ko\u017cyczkowski z kl. [&hellip;]<\/p>\n","protected":false},"author":4,"featured_media":0,"comment_status":"closed","ping_status":"closed","sticky":false,"template":"","format":"standard","meta":{"footnotes":""},"categories":[3],"tags":[],"class_list":["post-3927","post","type-post","status-publish","format-standard","hentry","category-aktualnosci"],"_links":{"self":[{"href":"https:\/\/sp2bytow.pl\/index.php?rest_route=\/wp\/v2\/posts\/3927","targetHints":{"allow":["GET"]}}],"collection":[{"href":"https:\/\/sp2bytow.pl\/index.php?rest_route=\/wp\/v2\/posts"}],"about":[{"href":"https:\/\/sp2bytow.pl\/index.php?rest_route=\/wp\/v2\/types\/post"}],"author":[{"embeddable":true,"href":"https:\/\/sp2bytow.pl\/index.php?rest_route=\/wp\/v2\/users\/4"}],"replies":[{"embeddable":true,"href":"https:\/\/sp2bytow.pl\/index.php?rest_route=%2Fwp%2Fv2%2Fcomments&post=3927"}],"version-history":[{"count":4,"href":"https:\/\/sp2bytow.pl\/index.php?rest_route=\/wp\/v2\/posts\/3927\/revisions"}],"predecessor-version":[{"id":3936,"href":"https:\/\/sp2bytow.pl\/index.php?rest_route=\/wp\/v2\/posts\/3927\/revisions\/3936"}],"wp:attachment":[{"href":"https:\/\/sp2bytow.pl\/index.php?rest_route=%2Fwp%2Fv2%2Fmedia&parent=3927"}],"wp:term":[{"taxonomy":"category","embeddable":true,"href":"https:\/\/sp2bytow.pl\/index.php?rest_route=%2Fwp%2Fv2%2Fcategories&post=3927"},{"taxonomy":"post_tag","embeddable":true,"href":"https:\/\/sp2bytow.pl\/index.php?rest_route=%2Fwp%2Fv2%2Ftags&post=3927"}],"curies":[{"name":"wp","href":"https:\/\/api.w.org\/{rel}","templated":true}]}}