{"id":23360,"date":"2026-04-21T12:52:08","date_gmt":"2026-04-21T12:52:08","guid":{"rendered":"https:\/\/sp2bytow.pl\/?p=23360"},"modified":"2026-04-21T12:52:26","modified_gmt":"2026-04-21T12:52:26","slug":"23360","status":"publish","type":"post","link":"https:\/\/sp2bytow.pl\/?p=23360","title":{"rendered":"Jak dbamy o nasz\u0105 planet\u0119 Ziemi\u0119?"},"content":{"rendered":"<div dir=\"auto\">Wyniki Szkolnego Konkursu Plastycznego z okazji Dnia Ziemi dla klas 1-3 pt. Jak dbamy o nasz\u0105 planet\u0119 Ziemi\u0119?<\/div>\n<div dir=\"auto\"><span class=\"html-span xexx8yu xyri2b x18d9i69 x1c1uobl x1hl2dhg x16tdsg8 x1vvkbs x3nfvp2 x1j61x8r x1fcty0u xdj266r xat24cr xm2jcoa x1mpyi22 xxymvpz xlup9mm x1kky2od\">1.<\/span> Maja Regli\u0144ska kl. 2a<\/div>\n<div dir=\"auto\"><span class=\"html-span xexx8yu xyri2b x18d9i69 x1c1uobl x1hl2dhg x16tdsg8 x1vvkbs x3nfvp2 x1j61x8r x1fcty0u xdj266r xat24cr xm2jcoa x1mpyi22 xxymvpz xlup9mm x1kky2od\">2.<\/span> Maja Gliszczy\u0144ska kl.1b<\/div>\n<div dir=\"auto\"><span class=\"html-span xexx8yu xyri2b x18d9i69 x1c1uobl x1hl2dhg x16tdsg8 x1vvkbs x3nfvp2 x1j61x8r x1fcty0u xdj266r xat24cr xm2jcoa x1mpyi22 xxymvpz xlup9mm x1kky2od\">3. <\/span>Miko\u0142aj Andryk kl.3c<\/div>\n<div dir=\"auto\">Wyr\u00f3\u017cnienia:<\/div>\n<div dir=\"auto\">Zofia Gliwa kl.2c, Marianna Cichosz- Mielewczyk kl. 1a, Aleksandra Pa\u0142asz kl.3c, Agata Chrzan kl.1a, , Maja Bela kl. 2b, Oleg Sabina kl. 1e.<\/div>\n<div dir=\"auto\">Gratulujemy i dzi\u0119kujemy wszystkim uczestnikom konkursu!<\/div>\n<div dir=\"auto\"><\/div>\n<div dir=\"auto\">\n\n\t\t<style type=\"text\/css\">\n\t\t\t#gallery-1 {\n\t\t\t\tmargin: auto;\n\t\t\t}\n\t\t\t#gallery-1 .gallery-item {\n\t\t\t\tfloat: left;\n\t\t\t\tmargin-top: 10px;\n\t\t\t\ttext-align: center;\n\t\t\t\twidth: 33%;\n\t\t\t}\n\t\t\t#gallery-1 img {\n\t\t\t\tborder: 2px solid #cfcfcf;\n\t\t\t}\n\t\t\t#gallery-1 .gallery-caption {\n\t\t\t\tmargin-left: 0;\n\t\t\t}\n\t\t\t\/* see gallery_shortcode() in wp-includes\/media.php *\/\n\t\t<\/style>\n\t\t<div id='gallery-1' class='gallery galleryid-23360 gallery-columns-3 gallery-size-thumbnail'><dl class='gallery-item'>\n\t\t\t<dt class='gallery-icon portrait'>\n\t\t\t\t<a href='https:\/\/sp2bytow.pl\/?attachment_id=23361'><img loading=\"lazy\" decoding=\"async\" width=\"150\" height=\"150\" src=\"https:\/\/sp2bytow.pl\/wp-content\/uploads\/2026\/04\/676039815_971991108560507_4169247975398780869_n-150x150.jpg\" class=\"attachment-thumbnail size-thumbnail\" alt=\"\" \/><\/a>\n\t\t\t<\/dt><\/dl><dl class='gallery-item'>\n\t\t\t<dt class='gallery-icon portrait'>\n\t\t\t\t<a href='https:\/\/sp2bytow.pl\/?attachment_id=23362'><img loading=\"lazy\" decoding=\"async\" width=\"150\" height=\"150\" src=\"https:\/\/sp2bytow.pl\/wp-content\/uploads\/2026\/04\/675600975_971991168560501_8513408691360132412_n-150x150.jpg\" class=\"attachment-thumbnail size-thumbnail\" alt=\"\" \/><\/a>\n\t\t\t<\/dt><\/dl><dl class='gallery-item'>\n\t\t\t<dt class='gallery-icon portrait'>\n\t\t\t\t<a href='https:\/\/sp2bytow.pl\/?attachment_id=23363'><img loading=\"lazy\" decoding=\"async\" width=\"150\" height=\"150\" src=\"https:\/\/sp2bytow.pl\/wp-content\/uploads\/2026\/04\/677526021_971990811893870_328728209002423978_n-150x150.jpg\" class=\"attachment-thumbnail size-thumbnail\" alt=\"\" \/><\/a>\n\t\t\t<\/dt><\/dl><br style=\"clear: both\" \/><dl class='gallery-item'>\n\t\t\t<dt class='gallery-icon portrait'>\n\t\t\t\t<a href='https:\/\/sp2bytow.pl\/?attachment_id=23364'><img loading=\"lazy\" decoding=\"async\" width=\"150\" height=\"150\" src=\"https:\/\/sp2bytow.pl\/wp-content\/uploads\/2026\/04\/677292551_971990805227204_5474690148614175859_n-150x150.jpg\" class=\"attachment-thumbnail size-thumbnail\" alt=\"\" \/><\/a>\n\t\t\t<\/dt><\/dl>\n\t\t\t<br style='clear: both' \/>\n\t\t<\/div>\n\n<\/div>\n","protected":false},"excerpt":{"rendered":"<p>Wyniki Szkolnego Konkursu Plastycznego z okazji Dnia Ziemi dla klas 1-3 pt. Jak dbamy o nasz\u0105 planet\u0119 Ziemi\u0119? 1. Maja Regli\u0144ska kl. 2a 2. Maja Gliszczy\u0144ska kl.1b 3. Miko\u0142aj Andryk kl.3c Wyr\u00f3\u017cnienia: Zofia Gliwa kl.2c, Marianna Cichosz- Mielewczyk kl. 1a, Aleksandra Pa\u0142asz kl.3c, Agata Chrzan kl.1a, , Maja Bela kl. 2b, Oleg Sabina kl. 1e. [&hellip;]<\/p>\n","protected":false},"author":4,"featured_media":23361,"comment_status":"closed","ping_status":"closed","sticky":false,"template":"","format":"standard","meta":{"footnotes":""},"categories":[3],"tags":[],"class_list":["post-23360","post","type-post","status-publish","format-standard","has-post-thumbnail","hentry","category-aktualnosci"],"_links":{"self":[{"href":"https:\/\/sp2bytow.pl\/index.php?rest_route=\/wp\/v2\/posts\/23360","targetHints":{"allow":["GET"]}}],"collection":[{"href":"https:\/\/sp2bytow.pl\/index.php?rest_route=\/wp\/v2\/posts"}],"about":[{"href":"https:\/\/sp2bytow.pl\/index.php?rest_route=\/wp\/v2\/types\/post"}],"author":[{"embeddable":true,"href":"https:\/\/sp2bytow.pl\/index.php?rest_route=\/wp\/v2\/users\/4"}],"replies":[{"embeddable":true,"href":"https:\/\/sp2bytow.pl\/index.php?rest_route=%2Fwp%2Fv2%2Fcomments&post=23360"}],"version-history":[{"count":2,"href":"https:\/\/sp2bytow.pl\/index.php?rest_route=\/wp\/v2\/posts\/23360\/revisions"}],"predecessor-version":[{"id":23366,"href":"https:\/\/sp2bytow.pl\/index.php?rest_route=\/wp\/v2\/posts\/23360\/revisions\/23366"}],"wp:featuredmedia":[{"embeddable":true,"href":"https:\/\/sp2bytow.pl\/index.php?rest_route=\/wp\/v2\/media\/23361"}],"wp:attachment":[{"href":"https:\/\/sp2bytow.pl\/index.php?rest_route=%2Fwp%2Fv2%2Fmedia&parent=23360"}],"wp:term":[{"taxonomy":"category","embeddable":true,"href":"https:\/\/sp2bytow.pl\/index.php?rest_route=%2Fwp%2Fv2%2Fcategories&post=23360"},{"taxonomy":"post_tag","embeddable":true,"href":"https:\/\/sp2bytow.pl\/index.php?rest_route=%2Fwp%2Fv2%2Ftags&post=23360"}],"curies":[{"name":"wp","href":"https:\/\/api.w.org\/{rel}","templated":true}]}}