{"id":23352,"date":"2026-04-21T12:44:04","date_gmt":"2026-04-21T12:44:04","guid":{"rendered":"https:\/\/sp2bytow.pl\/?p=23352"},"modified":"2026-04-21T12:45:36","modified_gmt":"2026-04-21T12:45:36","slug":"wojewodzki-konkurs-ortograficzny-w-goscicinie","status":"publish","type":"post","link":"https:\/\/sp2bytow.pl\/?p=23352","title":{"rendered":"Wojew\u00f3dzki Konkurs Ortograficzny w Go\u015bcicinie"},"content":{"rendered":"<p>W dniu dzisiejszym tj. 21.04.2026r. uczniowie naszej szko\u0142y Aleksandra Pa\u0142asz kl. 3c, Wojciech Kowalski kl.3b wzi\u0119li udzia\u0142 w Wojew\u00f3dzkim Konkursie Ortograficznym w Go\u015bcicinie.<\/p>\n<p>Aleksandra Pa\u0142asz zosta\u0142a finalistk\u0105 konkursu, za\u015b Wojciech Kowalski zaj\u0105\u0142 I miejsce.<\/p>\n<p>Uczestnicy konkursu zmierzyli si\u0119 z ortograficznymi zadaniami, wykazuj\u0105c si\u0119 bardzo dobr\u0105 znajomo\u015bci\u0105 zasad pisowni i interpunkcji. Z pewno\u015bci\u0105 by\u0142a to wspania\u0142a okazja do zmierzenia si\u0119 z najtrudniejszymi wyrazami i udowodnienia, \u017ce ortografia w naszej szkole ma si\u0119 \u015bwietnie!<\/p>\n<p>Gratulujemy znakomitych wynik\u00f3w i \u017cyczymy dalszych sukces\u00f3w w kolejnych ortograficznych wyzwaniach!<\/p>\n\n\t\t<style type=\"text\/css\">\n\t\t\t#gallery-1 {\n\t\t\t\tmargin: auto;\n\t\t\t}\n\t\t\t#gallery-1 .gallery-item {\n\t\t\t\tfloat: left;\n\t\t\t\tmargin-top: 10px;\n\t\t\t\ttext-align: center;\n\t\t\t\twidth: 33%;\n\t\t\t}\n\t\t\t#gallery-1 img {\n\t\t\t\tborder: 2px solid #cfcfcf;\n\t\t\t}\n\t\t\t#gallery-1 .gallery-caption {\n\t\t\t\tmargin-left: 0;\n\t\t\t}\n\t\t\t\/* see gallery_shortcode() in wp-includes\/media.php *\/\n\t\t<\/style>\n\t\t<div id='gallery-1' class='gallery galleryid-23352 gallery-columns-3 gallery-size-thumbnail'><dl class='gallery-item'>\n\t\t\t<dt class='gallery-icon landscape'>\n\t\t\t\t<a href='https:\/\/sp2bytow.pl\/?attachment_id=23353'><img loading=\"lazy\" decoding=\"async\" width=\"150\" height=\"150\" src=\"https:\/\/sp2bytow.pl\/wp-content\/uploads\/2026\/04\/IMG-20260421-WA0034-150x150.jpg\" class=\"attachment-thumbnail size-thumbnail\" alt=\"\" \/><\/a>\n\t\t\t<\/dt><\/dl><dl class='gallery-item'>\n\t\t\t<dt class='gallery-icon landscape'>\n\t\t\t\t<a href='https:\/\/sp2bytow.pl\/?attachment_id=23354'><img loading=\"lazy\" decoding=\"async\" width=\"150\" height=\"150\" src=\"https:\/\/sp2bytow.pl\/wp-content\/uploads\/2026\/04\/IMG-20260421-WA0029-150x150.jpg\" class=\"attachment-thumbnail size-thumbnail\" alt=\"\" \/><\/a>\n\t\t\t<\/dt><\/dl><dl class='gallery-item'>\n\t\t\t<dt class='gallery-icon landscape'>\n\t\t\t\t<a href='https:\/\/sp2bytow.pl\/?attachment_id=23355'><img loading=\"lazy\" decoding=\"async\" width=\"150\" height=\"150\" src=\"https:\/\/sp2bytow.pl\/wp-content\/uploads\/2026\/04\/IMG-20260421-WA0028-150x150.jpg\" class=\"attachment-thumbnail size-thumbnail\" alt=\"\" \/><\/a>\n\t\t\t<\/dt><\/dl><br style=\"clear: both\" \/><dl class='gallery-item'>\n\t\t\t<dt class='gallery-icon landscape'>\n\t\t\t\t<a href='https:\/\/sp2bytow.pl\/?attachment_id=23356'><img loading=\"lazy\" decoding=\"async\" width=\"150\" height=\"150\" src=\"https:\/\/sp2bytow.pl\/wp-content\/uploads\/2026\/04\/IMG-20260421-WA0025-150x150.jpg\" class=\"attachment-thumbnail size-thumbnail\" alt=\"\" \/><\/a>\n\t\t\t<\/dt><\/dl>\n\t\t\t<br style='clear: both' \/>\n\t\t<\/div>\n\n","protected":false},"excerpt":{"rendered":"<p>W dniu dzisiejszym tj. 21.04.2026r. uczniowie naszej szko\u0142y Aleksandra Pa\u0142asz kl. 3c, Wojciech Kowalski kl.3b wzi\u0119li udzia\u0142 w Wojew\u00f3dzkim Konkursie Ortograficznym w Go\u015bcicinie. Aleksandra Pa\u0142asz zosta\u0142a finalistk\u0105 konkursu, za\u015b Wojciech Kowalski zaj\u0105\u0142 I miejsce. Uczestnicy konkursu zmierzyli si\u0119 z ortograficznymi zadaniami, wykazuj\u0105c si\u0119 bardzo dobr\u0105 znajomo\u015bci\u0105 zasad pisowni i interpunkcji. Z pewno\u015bci\u0105 by\u0142a to wspania\u0142a [&hellip;]<\/p>\n","protected":false},"author":4,"featured_media":23356,"comment_status":"closed","ping_status":"closed","sticky":false,"template":"","format":"standard","meta":{"footnotes":""},"categories":[3],"tags":[],"class_list":["post-23352","post","type-post","status-publish","format-standard","has-post-thumbnail","hentry","category-aktualnosci"],"_links":{"self":[{"href":"https:\/\/sp2bytow.pl\/index.php?rest_route=\/wp\/v2\/posts\/23352","targetHints":{"allow":["GET"]}}],"collection":[{"href":"https:\/\/sp2bytow.pl\/index.php?rest_route=\/wp\/v2\/posts"}],"about":[{"href":"https:\/\/sp2bytow.pl\/index.php?rest_route=\/wp\/v2\/types\/post"}],"author":[{"embeddable":true,"href":"https:\/\/sp2bytow.pl\/index.php?rest_route=\/wp\/v2\/users\/4"}],"replies":[{"embeddable":true,"href":"https:\/\/sp2bytow.pl\/index.php?rest_route=%2Fwp%2Fv2%2Fcomments&post=23352"}],"version-history":[{"count":3,"href":"https:\/\/sp2bytow.pl\/index.php?rest_route=\/wp\/v2\/posts\/23352\/revisions"}],"predecessor-version":[{"id":23359,"href":"https:\/\/sp2bytow.pl\/index.php?rest_route=\/wp\/v2\/posts\/23352\/revisions\/23359"}],"wp:featuredmedia":[{"embeddable":true,"href":"https:\/\/sp2bytow.pl\/index.php?rest_route=\/wp\/v2\/media\/23356"}],"wp:attachment":[{"href":"https:\/\/sp2bytow.pl\/index.php?rest_route=%2Fwp%2Fv2%2Fmedia&parent=23352"}],"wp:term":[{"taxonomy":"category","embeddable":true,"href":"https:\/\/sp2bytow.pl\/index.php?rest_route=%2Fwp%2Fv2%2Fcategories&post=23352"},{"taxonomy":"post_tag","embeddable":true,"href":"https:\/\/sp2bytow.pl\/index.php?rest_route=%2Fwp%2Fv2%2Ftags&post=23352"}],"curies":[{"name":"wp","href":"https:\/\/api.w.org\/{rel}","templated":true}]}}