{"id":22720,"date":"2025-10-07T09:40:48","date_gmt":"2025-10-07T09:40:48","guid":{"rendered":"https:\/\/sp2bytow.pl\/?p=22720"},"modified":"2025-10-07T09:40:48","modified_gmt":"2025-10-07T09:40:48","slug":"akcja-krwiodawstwa-w-osp-tuchomie","status":"publish","type":"post","link":"https:\/\/sp2bytow.pl\/?p=22720","title":{"rendered":"AKCJA KRWIODAWSTWA W OSP TUCHOMIE"},"content":{"rendered":"<p class=\"v1MsoNormal\"><span style=\"font-family: times new roman, serif;\">Z ogromn\u0105 rado\u015bci\u0105 zapraszamy na kolejn\u0105 akcj\u0119 krwiodawstwa, kt\u00f3ra odb\u0119dzie si\u0119\u00a0<b>14 pa\u017adziernika 2025 r.<\/b>\u00a0na\u00a0<b>placu przy remizie Ochotniczej Stra\u017cy Po\u017carnej w Tuchomiu<\/b>. To doskona\u0142a okazja, by zrobi\u0107 co\u015b naprawd\u0119 wa\u017cnego \u2013 podzieli\u0107 si\u0119 tym, co najcenniejsze i realnie pom\u00f3c potrzebuj\u0105cym.<\/span><\/p>\n<p class=\"v1MsoNormal\"><span style=\"font-family: times new roman, serif;\">\ud83d\ude91 Na miejscu b\u0119dzie czeka\u0142\u00a0<b>\u201ekrwiobus&#8221; z Regionalnego Centrum Krwiodawstwa i Krwiolecznictwa im. Jana Paw\u0142a II w S\u0142upsku<\/b>, gotowy przyj\u0105\u0107 ka\u017cdego, kto zechce odda\u0107 krew. Ka\u017cda kropla ma znaczenie \u2013 razem mo\u017cemy uratowa\u0107 czyje\u015b \u017cycie!<\/span><\/p>\n<p class=\"v1MsoNormal\"><span style=\"font-family: times new roman, serif;\">\ud83d\udcda Z okazji\u00a0<b>Dnia Edukacji Narodowej<\/b>\u00a0przygotowali\u015bmy\u00a0<b>specjalne upominki dla nauczycieli<\/b>, kt\u00f3rzy zdecyduj\u0105 si\u0119 wzi\u0105\u0107 udzia\u0142 w akcji. To nasz spos\u00f3b, by podzi\u0119kowa\u0107 Wam za trud, zaanga\u017cowanie i codzienn\u0105 prac\u0119. Zach\u0119camy, by\u015bcie przyszli razem z uczniami \u2013 wsp\u00f3lne uczestnictwo w takim wydarzeniu to pi\u0119kna lekcja empatii i odpowiedzialno\u015bci.<\/span><\/p>\n<p class=\"v1MsoNormal\"><span style=\"font-family: times new roman, serif;\">\u2615 Dla wszystkich uczestnik\u00f3w przygotujemy tak\u017ce\u00a0<b>pyszn\u0105 kaw\u0119 i domowe ciasto<\/b>, aby umili\u0107 Wam ten wyj\u0105tkowy dzie\u0144 w serdecznej, przyjaznej atmosferze.<\/span><\/p>\n<p class=\"v1MsoNormal\"><span style=\"font-family: times new roman, serif;\">\ud83e\udd1d Do\u0142\u0105czcie do nas i poka\u017cmy wsp\u00f3lnie, \u017ce pomaganie ma sens! Ka\u017cdy dawca jest bohaterem \u2013\u00a0<b>czekamy na Was z otwartymi ramionami!<\/b>\u00a0\u2764\ufe0f<\/span><\/p>\n<p class=\"v1MsoNormal\"><span style=\"font-family: times new roman, serif;\">W razie pyta\u0144 -&gt; dh Sylwester Kr\u0119cki (tel. 787-183-242), na pewno odpowie na wszystkie pytania.<\/span><\/p>\n<p class=\"v1MsoNormal\"><span style=\"font-family: times new roman, serif;\">LINK:\u00a0<a href=\"https:\/\/www.facebook.com\/events\/657620447421932\" target=\"_blank\" rel=\"noopener noreferrer\">https:\/\/www.facebook.com\/events\/657620447421932<\/a><\/span><\/p>\n<p>&nbsp;<\/p>\n<p><a href=\"https:\/\/sp2bytow.pl\/?attachment_id=22721\" rel=\"attachment wp-att-22721\"><img loading=\"lazy\" decoding=\"async\" class=\"alignleft size-full wp-image-22721\" src=\"https:\/\/sp2bytow.pl\/wp-content\/uploads\/2025\/10\/Krew-to-dar-zycia-\u2013-wspolnie-uczmy-pomagania-w-Dzien-Edukacji-Narodowej-w-OSP-Tuchomie-14.10.2025-r.png\" alt=\"\" width=\"1080\" height=\"1314\" srcset=\"https:\/\/sp2bytow.pl\/wp-content\/uploads\/2025\/10\/Krew-to-dar-zycia-\u2013-wspolnie-uczmy-pomagania-w-Dzien-Edukacji-Narodowej-w-OSP-Tuchomie-14.10.2025-r.png 1080w, https:\/\/sp2bytow.pl\/wp-content\/uploads\/2025\/10\/Krew-to-dar-zycia-\u2013-wspolnie-uczmy-pomagania-w-Dzien-Edukacji-Narodowej-w-OSP-Tuchomie-14.10.2025-r-247x300.png 247w, https:\/\/sp2bytow.pl\/wp-content\/uploads\/2025\/10\/Krew-to-dar-zycia-\u2013-wspolnie-uczmy-pomagania-w-Dzien-Edukacji-Narodowej-w-OSP-Tuchomie-14.10.2025-r-842x1024.png 842w, https:\/\/sp2bytow.pl\/wp-content\/uploads\/2025\/10\/Krew-to-dar-zycia-\u2013-wspolnie-uczmy-pomagania-w-Dzien-Edukacji-Narodowej-w-OSP-Tuchomie-14.10.2025-r-768x934.png 768w\" sizes=\"auto, (max-width: 1080px) 100vw, 1080px\" \/><\/a><\/p>\n","protected":false},"excerpt":{"rendered":"<p>Z ogromn\u0105 rado\u015bci\u0105 zapraszamy na kolejn\u0105 akcj\u0119 krwiodawstwa, kt\u00f3ra odb\u0119dzie si\u0119\u00a014 pa\u017adziernika 2025 r.\u00a0na\u00a0placu przy remizie Ochotniczej Stra\u017cy Po\u017carnej w Tuchomiu. To doskona\u0142a okazja, by zrobi\u0107 co\u015b naprawd\u0119 wa\u017cnego \u2013 podzieli\u0107 si\u0119 tym, co najcenniejsze i realnie pom\u00f3c potrzebuj\u0105cym. \ud83d\ude91 Na miejscu b\u0119dzie czeka\u0142\u00a0\u201ekrwiobus&#8221; z Regionalnego Centrum Krwiodawstwa i Krwiolecznictwa im. Jana Paw\u0142a II w [&hellip;]<\/p>\n","protected":false},"author":2,"featured_media":22721,"comment_status":"closed","ping_status":"closed","sticky":false,"template":"","format":"standard","meta":{"footnotes":""},"categories":[3],"tags":[],"class_list":["post-22720","post","type-post","status-publish","format-standard","has-post-thumbnail","hentry","category-aktualnosci"],"_links":{"self":[{"href":"https:\/\/sp2bytow.pl\/index.php?rest_route=\/wp\/v2\/posts\/22720","targetHints":{"allow":["GET"]}}],"collection":[{"href":"https:\/\/sp2bytow.pl\/index.php?rest_route=\/wp\/v2\/posts"}],"about":[{"href":"https:\/\/sp2bytow.pl\/index.php?rest_route=\/wp\/v2\/types\/post"}],"author":[{"embeddable":true,"href":"https:\/\/sp2bytow.pl\/index.php?rest_route=\/wp\/v2\/users\/2"}],"replies":[{"embeddable":true,"href":"https:\/\/sp2bytow.pl\/index.php?rest_route=%2Fwp%2Fv2%2Fcomments&post=22720"}],"version-history":[{"count":1,"href":"https:\/\/sp2bytow.pl\/index.php?rest_route=\/wp\/v2\/posts\/22720\/revisions"}],"predecessor-version":[{"id":22722,"href":"https:\/\/sp2bytow.pl\/index.php?rest_route=\/wp\/v2\/posts\/22720\/revisions\/22722"}],"wp:featuredmedia":[{"embeddable":true,"href":"https:\/\/sp2bytow.pl\/index.php?rest_route=\/wp\/v2\/media\/22721"}],"wp:attachment":[{"href":"https:\/\/sp2bytow.pl\/index.php?rest_route=%2Fwp%2Fv2%2Fmedia&parent=22720"}],"wp:term":[{"taxonomy":"category","embeddable":true,"href":"https:\/\/sp2bytow.pl\/index.php?rest_route=%2Fwp%2Fv2%2Fcategories&post=22720"},{"taxonomy":"post_tag","embeddable":true,"href":"https:\/\/sp2bytow.pl\/index.php?rest_route=%2Fwp%2Fv2%2Ftags&post=22720"}],"curies":[{"name":"wp","href":"https:\/\/api.w.org\/{rel}","templated":true}]}}