{"id":22045,"date":"2025-05-06T09:22:23","date_gmt":"2025-05-06T09:22:23","guid":{"rendered":"https:\/\/sp2bytow.home.pl\/autoinstalator\/wordpress\/?p=22045"},"modified":"2025-05-14T10:28:24","modified_gmt":"2025-05-14T10:28:24","slug":"final-powiatowy-czworboju-la-2","status":"publish","type":"post","link":"https:\/\/sp2bytow.pl\/?p=22045","title":{"rendered":"Fina\u0142 powiatowy czw\u00f3rboju LA"},"content":{"rendered":"<div class=\"xdj266r x11i5rnm xat24cr x1mh8g0r x1vvkbs x126k92a\">\n<div dir=\"auto\">Dzi\u015b na stadionie w Bytowie odby\u0142 si\u0119 fina\u0142 powiatowy czw\u00f3rboju LA. Ch\u0142opcy wywalczyli 2 miejsce w gminie. Dziewczynki zaj\u0119\u0142y3 miejsce w gminie.<\/div>\n<\/div>\n<div class=\"x11i5rnm xat24cr x1mh8g0r x1vvkbs xtlvy1s x126k92a\">\n<div dir=\"auto\">Sk\u0142ad ch\u0142opc\u00f3w:<\/div>\n<div dir=\"auto\">&#8211; Szymon W\u0119sierski<\/div>\n<div dir=\"auto\">&#8211; \u2060Kajetan Brucki<\/div>\n<div dir=\"auto\">&#8211; \u2060Filip W\u0119sierski<\/div>\n<div dir=\"auto\">&#8211; \u2060Oskar Pucelik<\/div>\n<div dir=\"auto\">&#8211; \u2060Wiktor \u0141api\u0144ski<\/div>\n<div dir=\"auto\">&#8211; \u2060Oliwer Domaszk<\/div>\n<div dir=\"auto\">&#8211; \u2060Franciszek Olejnik<\/div>\n<\/div>\n<div class=\"x11i5rnm xat24cr x1mh8g0r x1vvkbs xtlvy1s x126k92a\">\n<div dir=\"auto\">Sk\u0142ad dziewcz\u0105t:<\/div>\n<div dir=\"auto\">&#8211; Kalina Sylka<\/div>\n<div dir=\"auto\">&#8211; \u2060Hanna Sabina<\/div>\n<div dir=\"auto\">&#8211; \u2060Julia Wr\u00f3bel- \u2060Aleksandra Wirska<\/div>\n<div dir=\"auto\">\n<div class=\"x11i5rnm xat24cr x1mh8g0r x1vvkbs xtlvy1s x126k92a\">\n<div dir=\"auto\">&#8211; \u2060Zuzanna Cyrson<\/div>\n<div dir=\"auto\">&#8211; \u2060Paulina Lenz<\/div>\n<\/div>\n<div class=\"x11i5rnm xat24cr x1mh8g0r x1vvkbs xtlvy1s x126k92a\">\n<div dir=\"auto\">W konkurencjach indywidualnych medale i dyplomy trafi\u0142y do:<\/div>\n<\/div>\n<div class=\"x11i5rnm xat24cr x1mh8g0r x1vvkbs xtlvy1s x126k92a\">\n<div dir=\"auto\">1. Bieg na 1000m:<\/div>\n<div dir=\"auto\">2 miejsce Szymon W\u0119sierski<\/div>\n<div dir=\"auto\">4 miejsce Kajetan Brucki<\/div>\n<\/div>\n<div class=\"x11i5rnm xat24cr x1mh8g0r x1vvkbs xtlvy1s x126k92a\">\n<div dir=\"auto\">2. Skok w dal:<\/div>\n<div dir=\"auto\"><span class=\"html-span xexx8yu x4uap5 x18d9i69 xkhd6sd x1hl2dhg x16tdsg8 x1vvkbs x3nfvp2 x1j61x8r x1fcty0u xdj266r xat24cr xgzva0m xhhsvwb xxymvpz xlup9mm x1kky2od\">3 <\/span>miejsce Wiktor \u0141api\u0144ski<\/div>\n<\/div>\n<div class=\"x11i5rnm xat24cr x1mh8g0r x1vvkbs xtlvy1s x126k92a\">\n<div dir=\"auto\">3. Bieg na 60 metr\u00f3w:<\/div>\n<div dir=\"auto\">4 miejsce Wiktor \u0141api\u0144ski<\/div>\n<\/div>\n<div class=\"x11i5rnm xat24cr x1mh8g0r x1vvkbs xtlvy1s x126k92a\">\n<div dir=\"auto\">Pogoda dopisa\u0142a, uczniowie ustanowili wiele rekord\u00f3w i doskona\u0142ych wynik\u00f3w. Gratulujemy serdecznie i \u017cyczymy dalszych sukces\u00f3w sportowych.<\/div>\n<\/div>\n\n\t\t<style type=\"text\/css\">\n\t\t\t#gallery-1 {\n\t\t\t\tmargin: auto;\n\t\t\t}\n\t\t\t#gallery-1 .gallery-item {\n\t\t\t\tfloat: left;\n\t\t\t\tmargin-top: 10px;\n\t\t\t\ttext-align: center;\n\t\t\t\twidth: 33%;\n\t\t\t}\n\t\t\t#gallery-1 img {\n\t\t\t\tborder: 2px solid #cfcfcf;\n\t\t\t}\n\t\t\t#gallery-1 .gallery-caption {\n\t\t\t\tmargin-left: 0;\n\t\t\t}\n\t\t\t\/* see gallery_shortcode() in wp-includes\/media.php *\/\n\t\t<\/style>\n\t\t<div id='gallery-1' class='gallery galleryid-22045 gallery-columns-3 gallery-size-thumbnail'><dl class='gallery-item'>\n\t\t\t<dt class='gallery-icon landscape'>\n\t\t\t\t<a href='https:\/\/sp2bytow.pl\/?attachment_id=22046'><img loading=\"lazy\" decoding=\"async\" width=\"150\" height=\"150\" src=\"https:\/\/sp2bytow.pl\/wp-content\/uploads\/2025\/05\/494383789_704366898656264_441263392567024763_n-150x150.jpg\" class=\"attachment-thumbnail size-thumbnail\" alt=\"\" \/><\/a>\n\t\t\t<\/dt><\/dl><dl class='gallery-item'>\n\t\t\t<dt class='gallery-icon portrait'>\n\t\t\t\t<a href='https:\/\/sp2bytow.pl\/?attachment_id=22047'><img loading=\"lazy\" decoding=\"async\" width=\"150\" height=\"150\" src=\"https:\/\/sp2bytow.pl\/wp-content\/uploads\/2025\/05\/495441258_704366771989610_7766084460999701470_n-150x150.jpg\" class=\"attachment-thumbnail size-thumbnail\" alt=\"\" \/><\/a>\n\t\t\t<\/dt><\/dl><dl class='gallery-item'>\n\t\t\t<dt class='gallery-icon landscape'>\n\t\t\t\t<a href='https:\/\/sp2bytow.pl\/?attachment_id=22048'><img loading=\"lazy\" decoding=\"async\" width=\"150\" height=\"150\" src=\"https:\/\/sp2bytow.pl\/wp-content\/uploads\/2025\/05\/494975275_704366625322958_7724193052162594614_n-150x150.jpg\" class=\"attachment-thumbnail size-thumbnail\" alt=\"\" \/><\/a>\n\t\t\t<\/dt><\/dl><br style=\"clear: both\" \/><dl class='gallery-item'>\n\t\t\t<dt class='gallery-icon landscape'>\n\t\t\t\t<a href='https:\/\/sp2bytow.pl\/?attachment_id=22049'><img loading=\"lazy\" decoding=\"async\" width=\"150\" height=\"150\" src=\"https:\/\/sp2bytow.pl\/wp-content\/uploads\/2025\/05\/494105065_704366478656306_2092853782697834953_n-150x150.jpg\" class=\"attachment-thumbnail size-thumbnail\" alt=\"\" \/><\/a>\n\t\t\t<\/dt><\/dl>\n\t\t\t<br style='clear: both' \/>\n\t\t<\/div>\n\n<\/div>\n<\/div>\n<div class=\"x11i5rnm xat24cr x1mh8g0r x1vvkbs xtlvy1s x126k92a\">\n<div dir=\"auto\"><\/div>\n<\/div>\n","protected":false},"excerpt":{"rendered":"<p>Dzi\u015b na stadionie w Bytowie odby\u0142 si\u0119 fina\u0142 powiatowy czw\u00f3rboju LA. Ch\u0142opcy wywalczyli 2 miejsce w gminie. Dziewczynki zaj\u0119\u0142y3 miejsce w gminie. Sk\u0142ad ch\u0142opc\u00f3w: &#8211; Szymon W\u0119sierski &#8211; \u2060Kajetan Brucki &#8211; \u2060Filip W\u0119sierski &#8211; \u2060Oskar Pucelik &#8211; \u2060Wiktor \u0141api\u0144ski &#8211; \u2060Oliwer Domaszk &#8211; \u2060Franciszek Olejnik Sk\u0142ad dziewcz\u0105t: &#8211; Kalina Sylka &#8211; \u2060Hanna Sabina &#8211; \u2060Julia [&hellip;]<\/p>\n","protected":false},"author":2,"featured_media":0,"comment_status":"closed","ping_status":"closed","sticky":false,"template":"","format":"standard","meta":{"footnotes":""},"categories":[3,6],"tags":[],"class_list":["post-22045","post","type-post","status-publish","format-standard","hentry","category-aktualnosci","category-sport"],"_links":{"self":[{"href":"https:\/\/sp2bytow.pl\/index.php?rest_route=\/wp\/v2\/posts\/22045","targetHints":{"allow":["GET"]}}],"collection":[{"href":"https:\/\/sp2bytow.pl\/index.php?rest_route=\/wp\/v2\/posts"}],"about":[{"href":"https:\/\/sp2bytow.pl\/index.php?rest_route=\/wp\/v2\/types\/post"}],"author":[{"embeddable":true,"href":"https:\/\/sp2bytow.pl\/index.php?rest_route=\/wp\/v2\/users\/2"}],"replies":[{"embeddable":true,"href":"https:\/\/sp2bytow.pl\/index.php?rest_route=%2Fwp%2Fv2%2Fcomments&post=22045"}],"version-history":[{"count":3,"href":"https:\/\/sp2bytow.pl\/index.php?rest_route=\/wp\/v2\/posts\/22045\/revisions"}],"predecessor-version":[{"id":22061,"href":"https:\/\/sp2bytow.pl\/index.php?rest_route=\/wp\/v2\/posts\/22045\/revisions\/22061"}],"wp:attachment":[{"href":"https:\/\/sp2bytow.pl\/index.php?rest_route=%2Fwp%2Fv2%2Fmedia&parent=22045"}],"wp:term":[{"taxonomy":"category","embeddable":true,"href":"https:\/\/sp2bytow.pl\/index.php?rest_route=%2Fwp%2Fv2%2Fcategories&post=22045"},{"taxonomy":"post_tag","embeddable":true,"href":"https:\/\/sp2bytow.pl\/index.php?rest_route=%2Fwp%2Fv2%2Ftags&post=22045"}],"curies":[{"name":"wp","href":"https:\/\/api.w.org\/{rel}","templated":true}]}}