{"id":22032,"date":"2025-05-03T08:49:39","date_gmt":"2025-05-03T08:49:39","guid":{"rendered":"https:\/\/sp2bytow.home.pl\/autoinstalator\/wordpress\/?p=22032"},"modified":"2025-05-14T08:52:53","modified_gmt":"2025-05-14T08:52:53","slug":"xxxiv-bieg-orlow","status":"publish","type":"post","link":"https:\/\/sp2bytow.pl\/?p=22032","title":{"rendered":"XXXIV BIEG OR\u0141\u00d3W"},"content":{"rendered":"<div class=\"x11i5rnm xat24cr x1mh8g0r x1vvkbs xtlvy1s x126k92a\">\n<div dir=\"auto\">Dzi\u015b uczniowie naszej szko\u0142y wystartowali w kolejnych biegach prze\u0142ajowych w ramach cyklu Cross Festival w XXXIV Biegu Or\u0142\u00f3w w Czarnej D\u0105br\u00f3wce.<\/div>\n<\/div>\n<div class=\"x11i5rnm xat24cr x1mh8g0r x1vvkbs xtlvy1s x126k92a\">\n<div dir=\"auto\">Najlepsze 5 miejsce wywalczy\u0142 Szymon W\u0119sierski.<\/div>\n<\/div>\n<div class=\"x11i5rnm xat24cr x1mh8g0r x1vvkbs xtlvy1s x126k92a\">\n<div dir=\"auto\">Dzi\u0119kujemy za udzia\u0142 i ambitn\u0105 walk\u0119 cho\u0107 \u0142atwo nie by\u0142o z powodu wysokie poziomu zawodnik\u00f3w:<\/div>\n<div dir=\"auto\">Agata Karpi\u0144ska<\/div>\n<div dir=\"auto\">Zofia Zieman<\/div>\n<div dir=\"auto\">Barbara Trzebiatowska<\/div>\n<div dir=\"auto\">Amelia W\u0119sierska<\/div>\n<div dir=\"auto\">Hanna Kuczkowska<\/div>\n<div dir=\"auto\">Maja Regli\u0144ska<\/div>\n<div dir=\"auto\">Paulina Zieman<\/div>\n<div dir=\"auto\">Filip Kaszubowski<\/div>\n<div dir=\"auto\">Piotr Regli\u0144ski<\/div>\n<div dir=\"auto\">Jakub Kuczkowski<\/div>\n<\/div>\n<div class=\"x11i5rnm xat24cr x1mh8g0r x1vvkbs xtlvy1s x126k92a\">\n<div dir=\"auto\">Ogromne gratulacje dla wszystkich startuj\u0105cych.<\/div>\n<div dir=\"auto\">Dzi\u0119kujemy Rodzicom za zaanga\u017cowanie, kibicowanie i wsparcie.<\/div>\n<div dir=\"auto\">\n\n\t\t<style type=\"text\/css\">\n\t\t\t#gallery-1 {\n\t\t\t\tmargin: auto;\n\t\t\t}\n\t\t\t#gallery-1 .gallery-item {\n\t\t\t\tfloat: left;\n\t\t\t\tmargin-top: 10px;\n\t\t\t\ttext-align: center;\n\t\t\t\twidth: 33%;\n\t\t\t}\n\t\t\t#gallery-1 img {\n\t\t\t\tborder: 2px solid #cfcfcf;\n\t\t\t}\n\t\t\t#gallery-1 .gallery-caption {\n\t\t\t\tmargin-left: 0;\n\t\t\t}\n\t\t\t\/* see gallery_shortcode() in wp-includes\/media.php *\/\n\t\t<\/style>\n\t\t<div id='gallery-1' class='gallery galleryid-22032 gallery-columns-3 gallery-size-thumbnail'><dl class='gallery-item'>\n\t\t\t<dt class='gallery-icon landscape'>\n\t\t\t\t<a href='https:\/\/sp2bytow.pl\/?attachment_id=22036'><img loading=\"lazy\" decoding=\"async\" width=\"150\" height=\"150\" src=\"https:\/\/sp2bytow.pl\/wp-content\/uploads\/2025\/05\/494679880_702207662205521_7955321051637804708_n-150x150.jpg\" class=\"attachment-thumbnail size-thumbnail\" alt=\"\" \/><\/a>\n\t\t\t<\/dt><\/dl><dl class='gallery-item'>\n\t\t\t<dt class='gallery-icon landscape'>\n\t\t\t\t<a href='https:\/\/sp2bytow.pl\/?attachment_id=22035'><img loading=\"lazy\" decoding=\"async\" width=\"150\" height=\"150\" src=\"https:\/\/sp2bytow.pl\/wp-content\/uploads\/2025\/05\/494658704_702207688872185_5933343744241907936_n-150x150.jpg\" class=\"attachment-thumbnail size-thumbnail\" alt=\"\" \/><\/a>\n\t\t\t<\/dt><\/dl><dl class='gallery-item'>\n\t\t\t<dt class='gallery-icon landscape'>\n\t\t\t\t<a href='https:\/\/sp2bytow.pl\/?attachment_id=22034'><img loading=\"lazy\" decoding=\"async\" width=\"150\" height=\"150\" src=\"https:\/\/sp2bytow.pl\/wp-content\/uploads\/2025\/05\/495544847_702207725538848_4949336585650370179_n-150x150.jpg\" class=\"attachment-thumbnail size-thumbnail\" alt=\"\" \/><\/a>\n\t\t\t<\/dt><\/dl><br style=\"clear: both\" \/><dl class='gallery-item'>\n\t\t\t<dt class='gallery-icon landscape'>\n\t\t\t\t<a href='https:\/\/sp2bytow.pl\/?attachment_id=22033'><img loading=\"lazy\" decoding=\"async\" width=\"150\" height=\"150\" src=\"https:\/\/sp2bytow.pl\/wp-content\/uploads\/2025\/05\/495146854_702207765538844_4093447727314398444_n-150x150.jpg\" class=\"attachment-thumbnail size-thumbnail\" alt=\"\" \/><\/a>\n\t\t\t<\/dt><\/dl>\n\t\t\t<br style='clear: both' \/>\n\t\t<\/div>\n\n<\/div>\n<\/div>\n","protected":false},"excerpt":{"rendered":"<p>Dzi\u015b uczniowie naszej szko\u0142y wystartowali w kolejnych biegach prze\u0142ajowych w ramach cyklu Cross Festival w XXXIV Biegu Or\u0142\u00f3w w Czarnej D\u0105br\u00f3wce. Najlepsze 5 miejsce wywalczy\u0142 Szymon W\u0119sierski. Dzi\u0119kujemy za udzia\u0142 i ambitn\u0105 walk\u0119 cho\u0107 \u0142atwo nie by\u0142o z powodu wysokie poziomu zawodnik\u00f3w: Agata Karpi\u0144ska Zofia Zieman Barbara Trzebiatowska Amelia W\u0119sierska Hanna Kuczkowska Maja Regli\u0144ska Paulina [&hellip;]<\/p>\n","protected":false},"author":2,"featured_media":22034,"comment_status":"closed","ping_status":"closed","sticky":false,"template":"","format":"standard","meta":{"ngg_post_thumbnail":0,"footnotes":""},"categories":[3],"tags":[],"class_list":["post-22032","post","type-post","status-publish","format-standard","has-post-thumbnail","hentry","category-aktualnosci"],"_links":{"self":[{"href":"https:\/\/sp2bytow.pl\/index.php?rest_route=\/wp\/v2\/posts\/22032","targetHints":{"allow":["GET"]}}],"collection":[{"href":"https:\/\/sp2bytow.pl\/index.php?rest_route=\/wp\/v2\/posts"}],"about":[{"href":"https:\/\/sp2bytow.pl\/index.php?rest_route=\/wp\/v2\/types\/post"}],"author":[{"embeddable":true,"href":"https:\/\/sp2bytow.pl\/index.php?rest_route=\/wp\/v2\/users\/2"}],"replies":[{"embeddable":true,"href":"https:\/\/sp2bytow.pl\/index.php?rest_route=%2Fwp%2Fv2%2Fcomments&post=22032"}],"version-history":[{"count":2,"href":"https:\/\/sp2bytow.pl\/index.php?rest_route=\/wp\/v2\/posts\/22032\/revisions"}],"predecessor-version":[{"id":22038,"href":"https:\/\/sp2bytow.pl\/index.php?rest_route=\/wp\/v2\/posts\/22032\/revisions\/22038"}],"wp:featuredmedia":[{"embeddable":true,"href":"https:\/\/sp2bytow.pl\/index.php?rest_route=\/wp\/v2\/media\/22034"}],"wp:attachment":[{"href":"https:\/\/sp2bytow.pl\/index.php?rest_route=%2Fwp%2Fv2%2Fmedia&parent=22032"}],"wp:term":[{"taxonomy":"category","embeddable":true,"href":"https:\/\/sp2bytow.pl\/index.php?rest_route=%2Fwp%2Fv2%2Fcategories&post=22032"},{"taxonomy":"post_tag","embeddable":true,"href":"https:\/\/sp2bytow.pl\/index.php?rest_route=%2Fwp%2Fv2%2Ftags&post=22032"}],"curies":[{"name":"wp","href":"https:\/\/api.w.org\/{rel}","templated":true}]}}