{"id":21990,"date":"2025-04-28T10:19:23","date_gmt":"2025-04-28T10:19:23","guid":{"rendered":"https:\/\/sp2bytow.home.pl\/autoinstalator\/wordpress\/?p=21990"},"modified":"2025-04-28T10:19:23","modified_gmt":"2025-04-28T10:19:23","slug":"pamietamy","status":"publish","type":"post","link":"https:\/\/sp2bytow.pl\/?p=21990","title":{"rendered":"Pami\u0119tamy&#8230;"},"content":{"rendered":"<p>Dzisiaj przypada 17 rocznica \u015bmierci Artura Grzywnowicza w latach 2002 &#8211; 2007 dyrektora naszej szko\u0142y.<\/p>\n<p>Artur Grzywnowicz by\u0142 wieloletnim pracownikiem naszej szko\u0142y, oddelegowany w 1994 roku do Delegatury\u00a0 O\u015bwiaty, wr\u00f3ci\u0142 do nas ju\u017c jako dyrektor w roku 2002.\u00a0 Z wykszta\u0142cenia historyk z zami\u0142owania siatkarz i bryd\u017cysta.\u00a0 Artur Grzywnowicz zmar\u0142\u00a0 28.04.2008 r. po dw\u00f3ch latach zmagania z chorob\u0105. Po ci\u0119\u017ckiej walce, w kt\u00f3rej do ko\u0144ca si\u0119 nie podda\u0142.<\/p>\n<p><a href=\"https:\/\/sp2bytow.pl?attachment_id=21991\" rel=\"attachment wp-att-21991\"><img loading=\"lazy\" decoding=\"async\" class=\"alignleft size-large wp-image-21991\" src=\"https:\/\/sp2bytow.pl\/wp-content\/uploads\/2025\/04\/doc00318720250428103348_001-724x1024.jpg\" alt=\"\" width=\"600\" height=\"849\" srcset=\"https:\/\/sp2bytow.pl\/wp-content\/uploads\/2025\/04\/doc00318720250428103348_001-724x1024.jpg 724w, https:\/\/sp2bytow.pl\/wp-content\/uploads\/2025\/04\/doc00318720250428103348_001-212x300.jpg 212w, https:\/\/sp2bytow.pl\/wp-content\/uploads\/2025\/04\/doc00318720250428103348_001-768x1086.jpg 768w, https:\/\/sp2bytow.pl\/wp-content\/uploads\/2025\/04\/doc00318720250428103348_001-1086x1536.jpg 1086w, https:\/\/sp2bytow.pl\/wp-content\/uploads\/2025\/04\/doc00318720250428103348_001-1448x2048.jpg 1448w, https:\/\/sp2bytow.pl\/wp-content\/uploads\/2025\/04\/doc00318720250428103348_001-scaled.jpg 1810w\" sizes=\"auto, (max-width: 600px) 100vw, 600px\" \/><\/a><\/p>\n","protected":false},"excerpt":{"rendered":"<p>Dzisiaj przypada 17 rocznica \u015bmierci Artura Grzywnowicza w latach 2002 &#8211; 2007 dyrektora naszej szko\u0142y. Artur Grzywnowicz by\u0142 wieloletnim pracownikiem naszej szko\u0142y, oddelegowany w 1994 roku do Delegatury\u00a0 O\u015bwiaty, wr\u00f3ci\u0142 do nas ju\u017c jako dyrektor w roku 2002.\u00a0 Z wykszta\u0142cenia historyk z zami\u0142owania siatkarz i bryd\u017cysta.\u00a0 Artur Grzywnowicz zmar\u0142\u00a0 28.04.2008 r. po dw\u00f3ch latach zmagania [&hellip;]<\/p>\n","protected":false},"author":2,"featured_media":21991,"comment_status":"closed","ping_status":"closed","sticky":false,"template":"","format":"standard","meta":{"ngg_post_thumbnail":0,"footnotes":""},"categories":[3],"tags":[],"class_list":["post-21990","post","type-post","status-publish","format-standard","has-post-thumbnail","hentry","category-aktualnosci"],"_links":{"self":[{"href":"https:\/\/sp2bytow.pl\/index.php?rest_route=\/wp\/v2\/posts\/21990","targetHints":{"allow":["GET"]}}],"collection":[{"href":"https:\/\/sp2bytow.pl\/index.php?rest_route=\/wp\/v2\/posts"}],"about":[{"href":"https:\/\/sp2bytow.pl\/index.php?rest_route=\/wp\/v2\/types\/post"}],"author":[{"embeddable":true,"href":"https:\/\/sp2bytow.pl\/index.php?rest_route=\/wp\/v2\/users\/2"}],"replies":[{"embeddable":true,"href":"https:\/\/sp2bytow.pl\/index.php?rest_route=%2Fwp%2Fv2%2Fcomments&post=21990"}],"version-history":[{"count":1,"href":"https:\/\/sp2bytow.pl\/index.php?rest_route=\/wp\/v2\/posts\/21990\/revisions"}],"predecessor-version":[{"id":21992,"href":"https:\/\/sp2bytow.pl\/index.php?rest_route=\/wp\/v2\/posts\/21990\/revisions\/21992"}],"wp:featuredmedia":[{"embeddable":true,"href":"https:\/\/sp2bytow.pl\/index.php?rest_route=\/wp\/v2\/media\/21991"}],"wp:attachment":[{"href":"https:\/\/sp2bytow.pl\/index.php?rest_route=%2Fwp%2Fv2%2Fmedia&parent=21990"}],"wp:term":[{"taxonomy":"category","embeddable":true,"href":"https:\/\/sp2bytow.pl\/index.php?rest_route=%2Fwp%2Fv2%2Fcategories&post=21990"},{"taxonomy":"post_tag","embeddable":true,"href":"https:\/\/sp2bytow.pl\/index.php?rest_route=%2Fwp%2Fv2%2Ftags&post=21990"}],"curies":[{"name":"wp","href":"https:\/\/api.w.org\/{rel}","templated":true}]}}