{"id":21901,"date":"2025-04-16T08:48:45","date_gmt":"2025-04-16T08:48:45","guid":{"rendered":"https:\/\/sp2bytow.home.pl\/autoinstalator\/wordpress\/?p=21901"},"modified":"2025-04-17T08:51:53","modified_gmt":"2025-04-17T08:51:53","slug":"tradycja-swiat-wielkanocnych","status":"publish","type":"post","link":"https:\/\/sp2bytow.pl\/?p=21901","title":{"rendered":"Tradycje \u015awi\u0105t Wielkanocnych"},"content":{"rendered":"<p>Dzi\u015b w Bibliotece szkolnej odby\u0142o si\u0119 spotkanie uczni\u00f3w kl.2c na temat Tradycji \u015awi\u0105t Wielkanocnych z p. bibliotekark\u0105 M.Sobisz w ramach Programu Innowacji Pedagogicznej pt. Pozw\u00f3lmy dzieciom rozwin\u0105\u0107 skrzyd\u0142a. \u00a0Pani Bibliotekarka przeczyta\u0142a nam ksi\u0105\u017ceczk\u0119 pt. Wielkanocny kr\u00f3liczek i opowiedzia\u0142a nam pi\u0119kne tradycje wielkanocne staropolskie i nowoczesne. Dzi\u0119kujemy za pi\u0119kne i tw\u00f3rcze spotkanie !<\/p>\n<p>&nbsp;<\/p>\n\n\t\t<style type=\"text\/css\">\n\t\t\t#gallery-1 {\n\t\t\t\tmargin: auto;\n\t\t\t}\n\t\t\t#gallery-1 .gallery-item {\n\t\t\t\tfloat: left;\n\t\t\t\tmargin-top: 10px;\n\t\t\t\ttext-align: center;\n\t\t\t\twidth: 33%;\n\t\t\t}\n\t\t\t#gallery-1 img {\n\t\t\t\tborder: 2px solid #cfcfcf;\n\t\t\t}\n\t\t\t#gallery-1 .gallery-caption {\n\t\t\t\tmargin-left: 0;\n\t\t\t}\n\t\t\t\/* see gallery_shortcode() in wp-includes\/media.php *\/\n\t\t<\/style>\n\t\t<div id='gallery-1' class='gallery galleryid-21901 gallery-columns-3 gallery-size-thumbnail'><dl class='gallery-item'>\n\t\t\t<dt class='gallery-icon portrait'>\n\t\t\t\t<a href='https:\/\/sp2bytow.pl\/?attachment_id=21905'><img loading=\"lazy\" decoding=\"async\" width=\"150\" height=\"150\" src=\"https:\/\/sp2bytow.pl\/wp-content\/uploads\/2025\/04\/490515658_689767036782917_4388770927196648933_n-150x150.jpg\" class=\"attachment-thumbnail size-thumbnail\" alt=\"\" \/><\/a>\n\t\t\t<\/dt><\/dl><dl class='gallery-item'>\n\t\t\t<dt class='gallery-icon portrait'>\n\t\t\t\t<a href='https:\/\/sp2bytow.pl\/?attachment_id=21904'><img loading=\"lazy\" decoding=\"async\" width=\"150\" height=\"150\" src=\"https:\/\/sp2bytow.pl\/wp-content\/uploads\/2025\/04\/491689616_689767066782914_8307167038822705415_n-150x150.jpg\" class=\"attachment-thumbnail size-thumbnail\" alt=\"\" \/><\/a>\n\t\t\t<\/dt><\/dl><dl class='gallery-item'>\n\t\t\t<dt class='gallery-icon portrait'>\n\t\t\t\t<a href='https:\/\/sp2bytow.pl\/?attachment_id=21902'><img loading=\"lazy\" decoding=\"async\" width=\"150\" height=\"150\" src=\"https:\/\/sp2bytow.pl\/wp-content\/uploads\/2025\/04\/491445820_689767073449580_4780356731581028282_n-150x150.jpg\" class=\"attachment-thumbnail size-thumbnail\" alt=\"\" \/><\/a>\n\t\t\t<\/dt><\/dl><br style=\"clear: both\" \/><dl class='gallery-item'>\n\t\t\t<dt class='gallery-icon portrait'>\n\t\t\t\t<a href='https:\/\/sp2bytow.pl\/?attachment_id=21903'><img loading=\"lazy\" decoding=\"async\" width=\"150\" height=\"150\" src=\"https:\/\/sp2bytow.pl\/wp-content\/uploads\/2025\/04\/491967154_689767096782911_2364286764465589547_n-150x150.jpg\" class=\"attachment-thumbnail size-thumbnail\" alt=\"\" \/><\/a>\n\t\t\t<\/dt><\/dl>\n\t\t\t<br style='clear: both' \/>\n\t\t<\/div>\n\n","protected":false},"excerpt":{"rendered":"<p>Dzi\u015b w Bibliotece szkolnej odby\u0142o si\u0119 spotkanie uczni\u00f3w kl.2c na temat Tradycji \u015awi\u0105t Wielkanocnych z p. bibliotekark\u0105 M.Sobisz w ramach Programu Innowacji Pedagogicznej pt. Pozw\u00f3lmy dzieciom rozwin\u0105\u0107 skrzyd\u0142a. \u00a0Pani Bibliotekarka przeczyta\u0142a nam ksi\u0105\u017ceczk\u0119 pt. Wielkanocny kr\u00f3liczek i opowiedzia\u0142a nam pi\u0119kne tradycje wielkanocne staropolskie i nowoczesne. Dzi\u0119kujemy za pi\u0119kne i tw\u00f3rcze spotkanie ! &nbsp;<\/p>\n","protected":false},"author":2,"featured_media":21904,"comment_status":"closed","ping_status":"closed","sticky":false,"template":"","format":"standard","meta":{"ngg_post_thumbnail":0,"footnotes":""},"categories":[3,4],"tags":[],"class_list":["post-21901","post","type-post","status-publish","format-standard","has-post-thumbnail","hentry","category-aktualnosci","category-biblioteka"],"_links":{"self":[{"href":"https:\/\/sp2bytow.pl\/index.php?rest_route=\/wp\/v2\/posts\/21901","targetHints":{"allow":["GET"]}}],"collection":[{"href":"https:\/\/sp2bytow.pl\/index.php?rest_route=\/wp\/v2\/posts"}],"about":[{"href":"https:\/\/sp2bytow.pl\/index.php?rest_route=\/wp\/v2\/types\/post"}],"author":[{"embeddable":true,"href":"https:\/\/sp2bytow.pl\/index.php?rest_route=\/wp\/v2\/users\/2"}],"replies":[{"embeddable":true,"href":"https:\/\/sp2bytow.pl\/index.php?rest_route=%2Fwp%2Fv2%2Fcomments&post=21901"}],"version-history":[{"count":2,"href":"https:\/\/sp2bytow.pl\/index.php?rest_route=\/wp\/v2\/posts\/21901\/revisions"}],"predecessor-version":[{"id":21907,"href":"https:\/\/sp2bytow.pl\/index.php?rest_route=\/wp\/v2\/posts\/21901\/revisions\/21907"}],"wp:featuredmedia":[{"embeddable":true,"href":"https:\/\/sp2bytow.pl\/index.php?rest_route=\/wp\/v2\/media\/21904"}],"wp:attachment":[{"href":"https:\/\/sp2bytow.pl\/index.php?rest_route=%2Fwp%2Fv2%2Fmedia&parent=21901"}],"wp:term":[{"taxonomy":"category","embeddable":true,"href":"https:\/\/sp2bytow.pl\/index.php?rest_route=%2Fwp%2Fv2%2Fcategories&post=21901"},{"taxonomy":"post_tag","embeddable":true,"href":"https:\/\/sp2bytow.pl\/index.php?rest_route=%2Fwp%2Fv2%2Ftags&post=21901"}],"curies":[{"name":"wp","href":"https:\/\/api.w.org\/{rel}","templated":true}]}}