{"id":21763,"date":"2025-04-03T05:47:45","date_gmt":"2025-04-03T05:47:45","guid":{"rendered":"https:\/\/sp2bytow.home.pl\/autoinstalator\/wordpress\/?p=21763"},"modified":"2025-04-03T05:48:07","modified_gmt":"2025-04-03T05:48:07","slug":"lamiglowki-madrej-glowki","status":"publish","type":"post","link":"https:\/\/sp2bytow.pl\/?p=21763","title":{"rendered":"Konkurs ,,\u0141amig\u0142\u00f3wki M\u0105drej G\u0142\u00f3wki&#8221;"},"content":{"rendered":"<div dir=\"auto\">Uczniowie naszej szko\u0142y wzi\u0119li udzia\u0142 w Gminnym konkursie pt.,,\u0141amiglowki M\u0105drej G\u0142\u00f3wki\u201d kt\u00f3ry odby\u0142 si\u0119 w Niezabyszewie.<\/div>\n<div dir=\"auto\">Wojciech Kowalski osi\u0105gn\u0105\u0142 tytu\u0142 Arcymistrza klas 2<\/div>\n<div dir=\"auto\">Wyr\u00f3\u017cniony zosta\u0142 r\u00f3wnie\u017c Dominik Chabowski.<\/div>\n<div dir=\"auto\">W kategorii klas III<\/div>\n<div dir=\"auto\">Antoni Bela otrzyma\u0142 tytu\u0142 Mistrza.<\/div>\n<div dir=\"auto\">Kaja Romanek zdoby\u0142a tytu\u0142 Wicemistrza<\/div>\n<div dir=\"auto\">Wszystkim uczniom serdecznie gratulujemy<\/div>\n<div dir=\"auto\">\n\n\t\t<style type=\"text\/css\">\n\t\t\t#gallery-1 {\n\t\t\t\tmargin: auto;\n\t\t\t}\n\t\t\t#gallery-1 .gallery-item {\n\t\t\t\tfloat: left;\n\t\t\t\tmargin-top: 10px;\n\t\t\t\ttext-align: center;\n\t\t\t\twidth: 33%;\n\t\t\t}\n\t\t\t#gallery-1 img {\n\t\t\t\tborder: 2px solid #cfcfcf;\n\t\t\t}\n\t\t\t#gallery-1 .gallery-caption {\n\t\t\t\tmargin-left: 0;\n\t\t\t}\n\t\t\t\/* see gallery_shortcode() in wp-includes\/media.php *\/\n\t\t<\/style>\n\t\t<div id='gallery-1' class='gallery galleryid-21763 gallery-columns-3 gallery-size-thumbnail'><dl class='gallery-item'>\n\t\t\t<dt class='gallery-icon landscape'>\n\t\t\t\t<a href='https:\/\/sp2bytow.pl\/?attachment_id=21764'><img loading=\"lazy\" decoding=\"async\" width=\"150\" height=\"150\" src=\"https:\/\/sp2bytow.pl\/wp-content\/uploads\/2025\/04\/487401262_677224951370459_7732754375803928526_n-150x150.jpg\" class=\"attachment-thumbnail size-thumbnail\" alt=\"\" \/><\/a>\n\t\t\t<\/dt><\/dl><dl class='gallery-item'>\n\t\t\t<dt class='gallery-icon landscape'>\n\t\t\t\t<a href='https:\/\/sp2bytow.pl\/?attachment_id=21765'><img loading=\"lazy\" decoding=\"async\" width=\"150\" height=\"150\" src=\"https:\/\/sp2bytow.pl\/wp-content\/uploads\/2025\/04\/487311557_677225184703769_8650163466677423030_n-150x150.jpg\" class=\"attachment-thumbnail size-thumbnail\" alt=\"\" \/><\/a>\n\t\t\t<\/dt><\/dl><dl class='gallery-item'>\n\t\t\t<dt class='gallery-icon portrait'>\n\t\t\t\t<a href='https:\/\/sp2bytow.pl\/?attachment_id=21766'><img loading=\"lazy\" decoding=\"async\" width=\"150\" height=\"150\" src=\"https:\/\/sp2bytow.pl\/wp-content\/uploads\/2025\/04\/487487655_677225068037114_8634280638785444753_n-150x150.jpg\" class=\"attachment-thumbnail size-thumbnail\" alt=\"\" \/><\/a>\n\t\t\t<\/dt><\/dl><br style=\"clear: both\" \/><dl class='gallery-item'>\n\t\t\t<dt class='gallery-icon portrait'>\n\t\t\t\t<a href='https:\/\/sp2bytow.pl\/?attachment_id=21767'><img loading=\"lazy\" decoding=\"async\" width=\"150\" height=\"150\" src=\"https:\/\/sp2bytow.pl\/wp-content\/uploads\/2025\/04\/487220920_677225131370441_7472510911682503985_n-150x150.jpg\" class=\"attachment-thumbnail size-thumbnail\" alt=\"\" \/><\/a>\n\t\t\t<\/dt><\/dl>\n\t\t\t<br style='clear: both' \/>\n\t\t<\/div>\n\n<\/div>\n","protected":false},"excerpt":{"rendered":"<p>Uczniowie naszej szko\u0142y wzi\u0119li udzia\u0142 w Gminnym konkursie pt.,,\u0141amiglowki M\u0105drej G\u0142\u00f3wki\u201d kt\u00f3ry odby\u0142 si\u0119 w Niezabyszewie. Wojciech Kowalski osi\u0105gn\u0105\u0142 tytu\u0142 Arcymistrza klas 2 Wyr\u00f3\u017cniony zosta\u0142 r\u00f3wnie\u017c Dominik Chabowski. W kategorii klas III Antoni Bela otrzyma\u0142 tytu\u0142 Mistrza. Kaja Romanek zdoby\u0142a tytu\u0142 Wicemistrza Wszystkim uczniom serdecznie gratulujemy<\/p>\n","protected":false},"author":2,"featured_media":21764,"comment_status":"closed","ping_status":"closed","sticky":false,"template":"","format":"standard","meta":{"footnotes":""},"categories":[3],"tags":[],"class_list":["post-21763","post","type-post","status-publish","format-standard","has-post-thumbnail","hentry","category-aktualnosci"],"_links":{"self":[{"href":"https:\/\/sp2bytow.pl\/index.php?rest_route=\/wp\/v2\/posts\/21763","targetHints":{"allow":["GET"]}}],"collection":[{"href":"https:\/\/sp2bytow.pl\/index.php?rest_route=\/wp\/v2\/posts"}],"about":[{"href":"https:\/\/sp2bytow.pl\/index.php?rest_route=\/wp\/v2\/types\/post"}],"author":[{"embeddable":true,"href":"https:\/\/sp2bytow.pl\/index.php?rest_route=\/wp\/v2\/users\/2"}],"replies":[{"embeddable":true,"href":"https:\/\/sp2bytow.pl\/index.php?rest_route=%2Fwp%2Fv2%2Fcomments&post=21763"}],"version-history":[{"count":2,"href":"https:\/\/sp2bytow.pl\/index.php?rest_route=\/wp\/v2\/posts\/21763\/revisions"}],"predecessor-version":[{"id":21769,"href":"https:\/\/sp2bytow.pl\/index.php?rest_route=\/wp\/v2\/posts\/21763\/revisions\/21769"}],"wp:featuredmedia":[{"embeddable":true,"href":"https:\/\/sp2bytow.pl\/index.php?rest_route=\/wp\/v2\/media\/21764"}],"wp:attachment":[{"href":"https:\/\/sp2bytow.pl\/index.php?rest_route=%2Fwp%2Fv2%2Fmedia&parent=21763"}],"wp:term":[{"taxonomy":"category","embeddable":true,"href":"https:\/\/sp2bytow.pl\/index.php?rest_route=%2Fwp%2Fv2%2Fcategories&post=21763"},{"taxonomy":"post_tag","embeddable":true,"href":"https:\/\/sp2bytow.pl\/index.php?rest_route=%2Fwp%2Fv2%2Ftags&post=21763"}],"curies":[{"name":"wp","href":"https:\/\/api.w.org\/{rel}","templated":true}]}}