{"id":19959,"date":"2024-09-27T11:45:22","date_gmt":"2024-09-27T11:45:22","guid":{"rendered":"http:\/\/sp2bytow.home.pl\/autoinstalator\/wordpress\/?p=19959"},"modified":"2024-09-27T11:49:43","modified_gmt":"2024-09-27T11:49:43","slug":"pomoc-dla-powodzian","status":"publish","type":"post","link":"https:\/\/sp2bytow.pl\/?p=19959","title":{"rendered":"POMOC DLA POWODZIAN"},"content":{"rendered":"<p style=\"text-align: center;\"><strong>Z ca\u0142ego SERCA\u00a0dzi\u0119kujemy wszystkim, kt\u00f3rzy przy\u0142\u0105czyli si\u0119 do zbi\u00f3rki dla powodzian. <\/strong><\/p>\n<p>Dzi\u0119kujemy wolontariuszom naszej szko\u0142y, kt\u00f3rzy podali pomocna d\u0142o\u0144 i przekazali dary dla powodzian za ich otwarto\u015b\u0107 na potrzeby drugiego cz\u0142owieka. Przedszkolom nr 1,\u00a0 nr 2, S\u0142oneczne Stacyjkowo \u015blemy wielkie podzi\u0119kowania za wsp\u00f3\u0142prac\u0119 i solidarno\u015b\u0107. Wsp\u00f3lne wsparcie i zaanga\u017cowanie s\u0105 dowodem na to, \u017ce potrafimy razem dzia\u0142a\u0107 w obliczu trudnych sytuacji.<\/p>\n<p>Uczniowie, rodzice, przedszkolaki\u00a0to co przekazali\u015bcie w czasie tej zbi\u00f3rki jest dowodem g\u0142\u0119bokiego wsp\u00f3\u0142czucia oraz zjednoczenia z poszkodowanymi przez pow\u00f3d\u017a.<\/p>\n<p>,\u201eCZ\u0141OWIEK JEST WIELKI NIE PRZEZ TO, CO POSIADA, LECZ PRZEZ TO, KIM JEST; NIE PRZEZ TO, CO MA, LECZ PRZEZ TO, CZYM DZIELI SI\u0118 Z INNYMI\u201d \u2013\u00a0\u015aW.\u00a0JAN PAWE\u0141 II.<\/p>\n<p>&nbsp;<\/p>\n<p>Dzi\u0119kujemy jeste\u015bcie wielcy. <img loading=\"lazy\" decoding=\"async\" alt=\"\u2665\" src=\"https:\/\/static.xx.fbcdn.net\/images\/emoji.php\/v9\/tac\/1\/16\/2665.png\" width=\"16\" height=\"16\" \/><\/p>\n\n\t\t<style type=\"text\/css\">\n\t\t\t#gallery-1 {\n\t\t\t\tmargin: auto;\n\t\t\t}\n\t\t\t#gallery-1 .gallery-item {\n\t\t\t\tfloat: left;\n\t\t\t\tmargin-top: 10px;\n\t\t\t\ttext-align: center;\n\t\t\t\twidth: 33%;\n\t\t\t}\n\t\t\t#gallery-1 img {\n\t\t\t\tborder: 2px solid #cfcfcf;\n\t\t\t}\n\t\t\t#gallery-1 .gallery-caption {\n\t\t\t\tmargin-left: 0;\n\t\t\t}\n\t\t\t\/* see gallery_shortcode() in wp-includes\/media.php *\/\n\t\t<\/style>\n\t\t<div id='gallery-1' class='gallery galleryid-19959 gallery-columns-3 gallery-size-thumbnail'><dl class='gallery-item'>\n\t\t\t<dt class='gallery-icon landscape'>\n\t\t\t\t<a href='https:\/\/sp2bytow.pl\/?attachment_id=19960'><img loading=\"lazy\" decoding=\"async\" width=\"150\" height=\"150\" src=\"https:\/\/sp2bytow.pl\/wp-content\/uploads\/2024\/09\/461507517_549477884145167_2227808956727747967_n-150x150.jpg\" class=\"attachment-thumbnail size-thumbnail\" alt=\"\" \/><\/a>\n\t\t\t<\/dt><\/dl><dl class='gallery-item'>\n\t\t\t<dt class='gallery-icon landscape'>\n\t\t\t\t<a href='https:\/\/sp2bytow.pl\/?attachment_id=19961'><img loading=\"lazy\" decoding=\"async\" width=\"150\" height=\"150\" src=\"https:\/\/sp2bytow.pl\/wp-content\/uploads\/2024\/09\/461421806_549477857478503_8469054884761218173_n-150x150.jpg\" class=\"attachment-thumbnail size-thumbnail\" alt=\"\" \/><\/a>\n\t\t\t<\/dt><\/dl><dl class='gallery-item'>\n\t\t\t<dt class='gallery-icon landscape'>\n\t\t\t\t<a href='https:\/\/sp2bytow.pl\/?attachment_id=19962'><img loading=\"lazy\" decoding=\"async\" width=\"150\" height=\"150\" src=\"https:\/\/sp2bytow.pl\/wp-content\/uploads\/2024\/09\/461438865_549477844145171_9067827275104180832_n-150x150.jpg\" class=\"attachment-thumbnail size-thumbnail\" alt=\"\" \/><\/a>\n\t\t\t<\/dt><\/dl><br style=\"clear: both\" \/>\n\t\t<\/div>\n\n<p>&nbsp;<\/p>\n","protected":false},"excerpt":{"rendered":"<p>Z ca\u0142ego SERCA\u00a0dzi\u0119kujemy wszystkim, kt\u00f3rzy przy\u0142\u0105czyli si\u0119 do zbi\u00f3rki dla powodzian. Dzi\u0119kujemy wolontariuszom naszej szko\u0142y, kt\u00f3rzy podali pomocna d\u0142o\u0144 i przekazali dary dla powodzian za ich otwarto\u015b\u0107 na potrzeby drugiego cz\u0142owieka. Przedszkolom nr 1,\u00a0 nr 2, S\u0142oneczne Stacyjkowo \u015blemy wielkie podzi\u0119kowania za wsp\u00f3\u0142prac\u0119 i solidarno\u015b\u0107. Wsp\u00f3lne wsparcie i zaanga\u017cowanie s\u0105 dowodem na to, \u017ce potrafimy [&hellip;]<\/p>\n","protected":false},"author":4,"featured_media":19965,"comment_status":"closed","ping_status":"closed","sticky":false,"template":"","format":"standard","meta":{"footnotes":""},"categories":[3,10],"tags":[],"class_list":["post-19959","post","type-post","status-publish","format-standard","has-post-thumbnail","hentry","category-aktualnosci","category-galeria"],"_links":{"self":[{"href":"https:\/\/sp2bytow.pl\/index.php?rest_route=\/wp\/v2\/posts\/19959","targetHints":{"allow":["GET"]}}],"collection":[{"href":"https:\/\/sp2bytow.pl\/index.php?rest_route=\/wp\/v2\/posts"}],"about":[{"href":"https:\/\/sp2bytow.pl\/index.php?rest_route=\/wp\/v2\/types\/post"}],"author":[{"embeddable":true,"href":"https:\/\/sp2bytow.pl\/index.php?rest_route=\/wp\/v2\/users\/4"}],"replies":[{"embeddable":true,"href":"https:\/\/sp2bytow.pl\/index.php?rest_route=%2Fwp%2Fv2%2Fcomments&post=19959"}],"version-history":[{"count":1,"href":"https:\/\/sp2bytow.pl\/index.php?rest_route=\/wp\/v2\/posts\/19959\/revisions"}],"predecessor-version":[{"id":19963,"href":"https:\/\/sp2bytow.pl\/index.php?rest_route=\/wp\/v2\/posts\/19959\/revisions\/19963"}],"wp:featuredmedia":[{"embeddable":true,"href":"https:\/\/sp2bytow.pl\/index.php?rest_route=\/wp\/v2\/media\/19965"}],"wp:attachment":[{"href":"https:\/\/sp2bytow.pl\/index.php?rest_route=%2Fwp%2Fv2%2Fmedia&parent=19959"}],"wp:term":[{"taxonomy":"category","embeddable":true,"href":"https:\/\/sp2bytow.pl\/index.php?rest_route=%2Fwp%2Fv2%2Fcategories&post=19959"},{"taxonomy":"post_tag","embeddable":true,"href":"https:\/\/sp2bytow.pl\/index.php?rest_route=%2Fwp%2Fv2%2Ftags&post=19959"}],"curies":[{"name":"wp","href":"https:\/\/api.w.org\/{rel}","templated":true}]}}