{"id":19662,"date":"2024-09-11T11:02:46","date_gmt":"2024-09-11T11:02:46","guid":{"rendered":"http:\/\/sp2bytow.home.pl\/autoinstalator\/wordpress\/?p=19662"},"modified":"2024-09-13T10:53:47","modified_gmt":"2024-09-13T10:53:47","slug":"przydzial-sal-na-zebrania-z-rodzicami-w-dniu-17-09-2024r","status":"publish","type":"post","link":"https:\/\/sp2bytow.pl\/?p=19662","title":{"rendered":"Przydzia\u0142 sal na zebrania z rodzicami w dniu 17.09.2024r."},"content":{"rendered":"<p align=\"center\">Przydzia\u0142 sal na zebrania z rodzicami w dniu<b> 17. 09. 2024 r. <\/b><\/p>\n<p align=\"center\"><b>Klasy pierwsze godzina 16:30<\/b><\/p>\n<table width=\"621\" border=\"1\" cellspacing=\"0\" cellpadding=\"0\" align=\"left\">\n<tbody>\n<tr>\n<td valign=\"top\" width=\"73\">\n<p style=\"text-align: center;\" align=\"center\"><b>Klasa<\/b><\/p>\n<\/td>\n<td valign=\"top\" width=\"359\">\n<p style=\"text-align: center;\" align=\"center\"><b>Imi\u0119 i nazwisko wychowawcy<\/b><\/p>\n<\/td>\n<td valign=\"top\" width=\"189\">\n<p align=\"center\"><b>Sala<\/b><\/p>\n<\/td>\n<\/tr>\n<tr>\n<td valign=\"top\" width=\"73\">\n<p align=\"center\">IA<\/p>\n<\/td>\n<td valign=\"top\" width=\"359\">Marta Klasa<\/td>\n<td valign=\"top\" width=\"189\">\n<p align=\"center\">14<\/p>\n<\/td>\n<\/tr>\n<tr>\n<td valign=\"top\" width=\"73\">\n<p align=\"center\">IB<\/p>\n<\/td>\n<td valign=\"top\" width=\"359\">Beata Stolc<\/td>\n<td valign=\"top\" width=\"189\">\n<p align=\"center\">15<\/p>\n<\/td>\n<\/tr>\n<tr>\n<td valign=\"top\" width=\"73\">\n<p align=\"center\">IC<\/p>\n<\/td>\n<td valign=\"top\" width=\"359\">Marzena Pepli\u0144ska<\/td>\n<td valign=\"top\" width=\"189\">\n<p align=\"center\">11<\/p>\n<\/td>\n<\/tr>\n<tr>\n<td valign=\"top\" width=\"73\">\n<p align=\"center\">ID<\/p>\n<\/td>\n<td valign=\"top\" width=\"359\">Urszula Sobczak<\/td>\n<td valign=\"top\" width=\"189\">\n<p align=\"center\">12<\/p>\n<\/td>\n<\/tr>\n<\/tbody>\n<\/table>\n<p style=\"text-align: left;\" align=\"center\"><b>\u00a0<\/b><\/p>\n<p style=\"text-align: left;\" align=\"center\"><b>\u00a0 \u00a0 \u00a0 \u00a0 \u00a0 \u00a0 \u00a0 \u00a0<\/b><\/p>\n<p style=\"text-align: left;\" align=\"center\"><b>\u00a0 \u00a0 \u00a0 \u00a0 \u00a0 \u00a0 \u00a0 \u00a0 \u00a0 \u00a0 \u00a0 \u00a0 \u00a0 \u00a0 \u00a0 \u00a0 \u00a0 \u00a0 \u00a0 \u00a0 \u00a0 \u00a0 \u00a0 \u00a0 \u00a0 \u00a0 \u00a0 \u00a0 \u00a0 \u00a0 \u00a0 \u00a0 \u00a0 \u00a0 \u00a0 \u00a0 \u00a0 \u00a0 \u00a0 \u00a0 \u00a0 \u00a0 \u00a0 \u00a0 \u00a0 \u00a0 \u00a0 \u00a0 \u00a0 \u00a0 \u00a0 \u00a0 \u00a0 \u00a0 \u00a0 \u00a0 \u00a0 \u00a0 \u00a0 \u00a0 \u00a0<\/b><\/p>\n<p style=\"text-align: center;\" align=\"center\"><b> \u00a0 \u00a0 \u00a0 \u00a0 \u00a0 \u00a0 \u00a0 \u00a0Klasy drugie i trzecie godzina 17.00<\/b><\/p>\n<table width=\"621\" border=\"1\" cellspacing=\"0\" cellpadding=\"0\" align=\"left\">\n<tbody>\n<tr>\n<td valign=\"top\" width=\"67\">\n<p align=\"center\"><b>Klasa<\/b><\/p>\n<\/td>\n<td valign=\"top\" width=\"366\">\n<p align=\"center\"><b>Imi\u0119 i nazwisko wychowawcy<\/b><\/p>\n<\/td>\n<td valign=\"top\" width=\"189\">\n<p align=\"center\"><b>Sala<\/b><\/p>\n<\/td>\n<\/tr>\n<tr>\n<td valign=\"top\" width=\"67\">\n<p align=\"center\">IIA<\/p>\n<\/td>\n<td valign=\"top\" width=\"366\">Katarzyna Franciszkiewicz<\/td>\n<td valign=\"top\" width=\"189\">\n<p align=\"center\">3<\/p>\n<\/td>\n<\/tr>\n<tr>\n<td valign=\"top\" width=\"67\">\n<p align=\"center\">IIB<\/p>\n<\/td>\n<td valign=\"top\" width=\"366\">Maria Roda<\/td>\n<td valign=\"top\" width=\"189\">\n<p align=\"center\">23<\/p>\n<\/td>\n<\/tr>\n<tr>\n<td valign=\"top\" width=\"67\">\n<p align=\"center\">IIC<\/p>\n<\/td>\n<td valign=\"top\" width=\"366\">Katarzyna Strojk<\/td>\n<td valign=\"top\" width=\"189\">\n<p align=\"center\">21<\/p>\n<\/td>\n<\/tr>\n<tr>\n<td valign=\"top\" width=\"67\">\n<p align=\"center\">IID<\/p>\n<\/td>\n<td valign=\"top\" width=\"366\">Renata Tempska<\/td>\n<td valign=\"top\" width=\"189\">\n<p align=\"center\">5<\/p>\n<\/td>\n<\/tr>\n<\/tbody>\n<\/table>\n<table width=\"621\" border=\"1\" cellspacing=\"0\" cellpadding=\"0\" align=\"left\">\n<tbody>\n<tr>\n<td valign=\"top\" width=\"67\">\n<p align=\"center\"><b>Klasa<\/b><\/p>\n<\/td>\n<td valign=\"top\" width=\"366\">\n<p align=\"center\"><b>Imi\u0119 i nazwisko wychowawcy<\/b><\/p>\n<\/td>\n<td valign=\"top\" width=\"189\">\n<p align=\"center\"><b>Sala<\/b><\/p>\n<\/td>\n<\/tr>\n<tr>\n<td valign=\"top\" width=\"67\">\n<p align=\"center\">IIIA<\/p>\n<\/td>\n<td valign=\"top\" width=\"366\">Marzena Rogowska-Szach<\/td>\n<td valign=\"top\" width=\"189\">\n<p align=\"center\">17<\/p>\n<\/td>\n<\/tr>\n<tr>\n<td valign=\"top\" width=\"67\">\n<p align=\"center\">IIIB<\/p>\n<\/td>\n<td valign=\"top\" width=\"366\">Aldona Dzienniak<\/td>\n<td valign=\"top\" width=\"189\">\n<p align=\"center\">32<\/p>\n<\/td>\n<\/tr>\n<tr>\n<td valign=\"top\" width=\"67\">\n<p align=\"center\">IIIC<\/p>\n<\/td>\n<td valign=\"top\" width=\"366\">Irena Hryndzio<\/td>\n<td valign=\"top\" width=\"189\">\n<p align=\"center\">44<\/p>\n<\/td>\n<\/tr>\n<tr>\n<td valign=\"top\" width=\"67\">\n<p align=\"center\">IIID<\/p>\n<\/td>\n<td valign=\"top\" width=\"366\">Ewa Myszka<\/td>\n<td valign=\"top\" width=\"189\">\n<p align=\"center\">9<\/p>\n<\/td>\n<\/tr>\n<\/tbody>\n<\/table>\n<p><b>\u00a0<\/b><\/p>\n<p><b>\u00a0<\/b><\/p>\n<p><b>\u00a0<\/b><\/p>\n<p><b>\u00a0<\/b><\/p>\n<p><b>\u00a0<\/b><\/p>\n<p align=\"center\"><b>\u00a0<\/b><\/p>\n<p align=\"center\"><b>Dy\u017cury nauczycieli ucz\u0105cych w klasach I-III<\/b><\/p>\n<p align=\"center\"><b>17:00-18:00<\/b><\/p>\n<p align=\"center\">Nauczyciele oczekuj\u0105 w pokoju nauczycielskim, w razie potrzeby przypisa\u0142am nast\u0119puj\u0105ce klasy:<\/p>\n<p style=\"text-align: left;\" align=\"center\">A. Fabisiak\u00a0 sala 45<\/p>\n<p>B. Chmielewska sala 46<\/p>\n<p>M. Romanko \u00a0sala 49<\/p>\n<p>A. Por\u0119ba Rybak sala 37<\/p>\n<p>S. Wierzejski\u00a0 \u00a0\u00a0\u00a0\u00a0\u00a0\u00a0\u00a0\u00a0\u00a0\u00a0\u00a0\u00a0 sala 1<\/p>\n<p>A. Stachlewicz\u00a0 \u00a0\u00a0\u00a0\u00a0\u00a0\u00a0\u00a0\u00a0\u00a0 sala 42<\/p>\n<p>M. Sobisz\u00a0 \u00a0\u00a0\u00a0\u00a0\u00a0\u00a0\u00a0\u00a0\u00a0\u00a0\u00a0\u00a0\u00a0\u00a0\u00a0\u00a0\u00a0 sala 47<\/p>\n<p>&nbsp;<\/p>\n<p>Pedagog\/psycholog \u00a0\u00a0\u00a0 gabinet\u00a0 41<\/p>\n<p>E. Wischka von Borczyskowska\u00a0 -pok\u00f3j nauczycielski<\/p>\n<p>&nbsp;<\/p>\n","protected":false},"excerpt":{"rendered":"<p>Przydzia\u0142 sal na zebrania z rodzicami w dniu 17. 09. 2024 r. Klasy pierwsze godzina 16:30 Klasa Imi\u0119 i nazwisko wychowawcy Sala IA Marta Klasa 14 IB Beata Stolc 15 IC Marzena Pepli\u0144ska 11 ID Urszula Sobczak 12 \u00a0 \u00a0 \u00a0 \u00a0 \u00a0 \u00a0 \u00a0 \u00a0 \u00a0 \u00a0 \u00a0 \u00a0 \u00a0 \u00a0 \u00a0 \u00a0 \u00a0 [&hellip;]<\/p>\n","protected":false},"author":2,"featured_media":19692,"comment_status":"closed","ping_status":"closed","sticky":false,"template":"","format":"standard","meta":{"footnotes":""},"categories":[3,14],"tags":[],"class_list":["post-19662","post","type-post","status-publish","format-standard","has-post-thumbnail","hentry","category-aktualnosci","category-dla-rodzicow"],"_links":{"self":[{"href":"https:\/\/sp2bytow.pl\/index.php?rest_route=\/wp\/v2\/posts\/19662","targetHints":{"allow":["GET"]}}],"collection":[{"href":"https:\/\/sp2bytow.pl\/index.php?rest_route=\/wp\/v2\/posts"}],"about":[{"href":"https:\/\/sp2bytow.pl\/index.php?rest_route=\/wp\/v2\/types\/post"}],"author":[{"embeddable":true,"href":"https:\/\/sp2bytow.pl\/index.php?rest_route=\/wp\/v2\/users\/2"}],"replies":[{"embeddable":true,"href":"https:\/\/sp2bytow.pl\/index.php?rest_route=%2Fwp%2Fv2%2Fcomments&post=19662"}],"version-history":[{"count":8,"href":"https:\/\/sp2bytow.pl\/index.php?rest_route=\/wp\/v2\/posts\/19662\/revisions"}],"predecessor-version":[{"id":19691,"href":"https:\/\/sp2bytow.pl\/index.php?rest_route=\/wp\/v2\/posts\/19662\/revisions\/19691"}],"wp:featuredmedia":[{"embeddable":true,"href":"https:\/\/sp2bytow.pl\/index.php?rest_route=\/wp\/v2\/media\/19692"}],"wp:attachment":[{"href":"https:\/\/sp2bytow.pl\/index.php?rest_route=%2Fwp%2Fv2%2Fmedia&parent=19662"}],"wp:term":[{"taxonomy":"category","embeddable":true,"href":"https:\/\/sp2bytow.pl\/index.php?rest_route=%2Fwp%2Fv2%2Fcategories&post=19662"},{"taxonomy":"post_tag","embeddable":true,"href":"https:\/\/sp2bytow.pl\/index.php?rest_route=%2Fwp%2Fv2%2Ftags&post=19662"}],"curies":[{"name":"wp","href":"https:\/\/api.w.org\/{rel}","templated":true}]}}