{"id":18878,"date":"2024-05-29T05:51:17","date_gmt":"2024-05-29T05:51:17","guid":{"rendered":"http:\/\/sp2bytow.home.pl\/autoinstalator\/wordpress\/?p=18878"},"modified":"2024-05-29T05:51:17","modified_gmt":"2024-05-29T05:51:17","slug":"ucze-sie-bezpieczenstwa-na-drogach-pomorza-2","status":"publish","type":"post","link":"https:\/\/sp2bytow.pl\/?p=18878","title":{"rendered":"Ucz\u0119 si\u0119 bezpiecze\u0144stwa na drogach Pomorza"},"content":{"rendered":"<div>\n<div dir=\"auto\">5 uczni\u00f3w klas 1-3 naszej szko\u0142y zakwalifikowa\u0142o si\u0119 do etapu wojew\u00f3dzkiego w ramach projektu edukacyjnego pt. \u201eUcz\u0119 si\u0119 bezpiecze\u0144stwa na drogach Pomorza\u201d:<\/div>\n<\/div>\n<div>\n<div dir=\"auto\">-Oliwia Zembrowska -kl. Id<\/div>\n<\/div>\n<div>\n<div dir=\"auto\">-Agata Galikowska \u2013 kl. Ic<\/div>\n<\/div>\n<div>\n<div dir=\"auto\">-Hanna Kobus- kl. II d<\/div>\n<\/div>\n<div>\n<div dir=\"auto\">-Lena Mi\u0105skowska- kl. III d<\/div>\n<\/div>\n<div>\n<div dir=\"auto\">-Magdalena Lass \u2013 kl. III d<\/div>\n<\/div>\n<div>\n<div dir=\"auto\">Wy\u017cej wymienieni uczniowie wraz z rodzicami i sier\u017c. szt. Piotrem Sandakiem uczestniczyli w Gali Fina\u0142owej Konkursu, kt\u00f3ra odby\u0142a si\u0119 23.05.2024r. w Akademia Marynarki Wojennej im. Bohater\u00f3w Westerplatte w Gdyni.<\/div>\n<\/div>\n<div>\n<div dir=\"auto\">GRATULUJEMY<\/div>\n<div dir=\"auto\">\n\n\t\t<style type=\"text\/css\">\n\t\t\t#gallery-1 {\n\t\t\t\tmargin: auto;\n\t\t\t}\n\t\t\t#gallery-1 .gallery-item {\n\t\t\t\tfloat: left;\n\t\t\t\tmargin-top: 10px;\n\t\t\t\ttext-align: center;\n\t\t\t\twidth: 33%;\n\t\t\t}\n\t\t\t#gallery-1 img {\n\t\t\t\tborder: 2px solid #cfcfcf;\n\t\t\t}\n\t\t\t#gallery-1 .gallery-caption {\n\t\t\t\tmargin-left: 0;\n\t\t\t}\n\t\t\t\/* see gallery_shortcode() in wp-includes\/media.php *\/\n\t\t<\/style>\n\t\t<div id='gallery-1' class='gallery galleryid-18878 gallery-columns-3 gallery-size-thumbnail'><dl class='gallery-item'>\n\t\t\t<dt class='gallery-icon portrait'>\n\t\t\t\t<a href='https:\/\/sp2bytow.pl\/?attachment_id=18879'><img loading=\"lazy\" decoding=\"async\" width=\"150\" height=\"150\" src=\"https:\/\/sp2bytow.pl\/wp-content\/uploads\/2024\/05\/444457769_474829601609996_2011555183427414684_n-1-150x150.jpg\" class=\"attachment-thumbnail size-thumbnail\" alt=\"\" \/><\/a>\n\t\t\t<\/dt><\/dl><dl class='gallery-item'>\n\t\t\t<dt class='gallery-icon portrait'>\n\t\t\t\t<a href='https:\/\/sp2bytow.pl\/?attachment_id=18880'><img loading=\"lazy\" decoding=\"async\" width=\"150\" height=\"150\" src=\"https:\/\/sp2bytow.pl\/wp-content\/uploads\/2024\/05\/444481937_474829568276666_4445215829791741196_n-1-150x150.jpg\" class=\"attachment-thumbnail size-thumbnail\" alt=\"\" \/><\/a>\n\t\t\t<\/dt><\/dl><dl class='gallery-item'>\n\t\t\t<dt class='gallery-icon portrait'>\n\t\t\t\t<a href='https:\/\/sp2bytow.pl\/?attachment_id=18881'><img loading=\"lazy\" decoding=\"async\" width=\"150\" height=\"150\" src=\"https:\/\/sp2bytow.pl\/wp-content\/uploads\/2024\/05\/444467477_474829671609989_3195138720144328590_n-150x150.jpg\" class=\"attachment-thumbnail size-thumbnail\" alt=\"\" \/><\/a>\n\t\t\t<\/dt><\/dl><br style=\"clear: both\" \/><dl class='gallery-item'>\n\t\t\t<dt class='gallery-icon portrait'>\n\t\t\t\t<a href='https:\/\/sp2bytow.pl\/?attachment_id=18882'><img loading=\"lazy\" decoding=\"async\" width=\"150\" height=\"150\" src=\"https:\/\/sp2bytow.pl\/wp-content\/uploads\/2024\/05\/444492692_474829644943325_2393742472316907378_n-150x150.jpg\" class=\"attachment-thumbnail size-thumbnail\" alt=\"\" \/><\/a>\n\t\t\t<\/dt><\/dl>\n\t\t\t<br style='clear: both' \/>\n\t\t<\/div>\n\n<\/div>\n<\/div>\n","protected":false},"excerpt":{"rendered":"<p>5 uczni\u00f3w klas 1-3 naszej szko\u0142y zakwalifikowa\u0142o si\u0119 do etapu wojew\u00f3dzkiego w ramach projektu edukacyjnego pt. \u201eUcz\u0119 si\u0119 bezpiecze\u0144stwa na drogach Pomorza\u201d: -Oliwia Zembrowska -kl. Id -Agata Galikowska \u2013 kl. Ic -Hanna Kobus- kl. II d -Lena Mi\u0105skowska- kl. III d -Magdalena Lass \u2013 kl. III d Wy\u017cej wymienieni uczniowie wraz z rodzicami i sier\u017c. [&hellip;]<\/p>\n","protected":false},"author":2,"featured_media":18880,"comment_status":"closed","ping_status":"closed","sticky":false,"template":"","format":"standard","meta":{"footnotes":""},"categories":[3],"tags":[],"class_list":["post-18878","post","type-post","status-publish","format-standard","has-post-thumbnail","hentry","category-aktualnosci"],"_links":{"self":[{"href":"https:\/\/sp2bytow.pl\/index.php?rest_route=\/wp\/v2\/posts\/18878","targetHints":{"allow":["GET"]}}],"collection":[{"href":"https:\/\/sp2bytow.pl\/index.php?rest_route=\/wp\/v2\/posts"}],"about":[{"href":"https:\/\/sp2bytow.pl\/index.php?rest_route=\/wp\/v2\/types\/post"}],"author":[{"embeddable":true,"href":"https:\/\/sp2bytow.pl\/index.php?rest_route=\/wp\/v2\/users\/2"}],"replies":[{"embeddable":true,"href":"https:\/\/sp2bytow.pl\/index.php?rest_route=%2Fwp%2Fv2%2Fcomments&post=18878"}],"version-history":[{"count":1,"href":"https:\/\/sp2bytow.pl\/index.php?rest_route=\/wp\/v2\/posts\/18878\/revisions"}],"predecessor-version":[{"id":18883,"href":"https:\/\/sp2bytow.pl\/index.php?rest_route=\/wp\/v2\/posts\/18878\/revisions\/18883"}],"wp:featuredmedia":[{"embeddable":true,"href":"https:\/\/sp2bytow.pl\/index.php?rest_route=\/wp\/v2\/media\/18880"}],"wp:attachment":[{"href":"https:\/\/sp2bytow.pl\/index.php?rest_route=%2Fwp%2Fv2%2Fmedia&parent=18878"}],"wp:term":[{"taxonomy":"category","embeddable":true,"href":"https:\/\/sp2bytow.pl\/index.php?rest_route=%2Fwp%2Fv2%2Fcategories&post=18878"},{"taxonomy":"post_tag","embeddable":true,"href":"https:\/\/sp2bytow.pl\/index.php?rest_route=%2Fwp%2Fv2%2Ftags&post=18878"}],"curies":[{"name":"wp","href":"https:\/\/api.w.org\/{rel}","templated":true}]}}