{"id":18834,"date":"2024-05-20T12:02:49","date_gmt":"2024-05-20T12:02:49","guid":{"rendered":"http:\/\/sp2bytow.home.pl\/autoinstalator\/wordpress\/?p=18834"},"modified":"2024-05-21T07:41:18","modified_gmt":"2024-05-21T07:41:18","slug":"przydzial-sal-na-spotkanie-z-rodzicami-w-dniu-21-05-2024r","status":"publish","type":"post","link":"https:\/\/sp2bytow.pl\/?p=18834","title":{"rendered":"Przydzia\u0142 sal na spotkanie z rodzicami w dniu 21.05.2024r."},"content":{"rendered":"<p align=\"center\"><b>Przydzia\u0142 sal na spotkanie z rodzicami\u00a0\u00a0 \u00a0<\/b><\/p>\n<p align=\"center\"><b>W\u00a0 dniu 21.05.2024r. W GODZINACH 16:30-17:00\u00a0\u00a0\u00a0\u00a0 <\/b><\/p>\n<table width=\"700\" border=\"1\" cellspacing=\"0\" cellpadding=\"0\">\n<tbody>\n<tr>\n<td valign=\"top\" width=\"69\">\n<p align=\"center\"><b>Klasa<\/b><\/p>\n<\/td>\n<td valign=\"top\" width=\"422\">\n<p align=\"center\"><b>Imi\u0119 i nazwisko wychowawcy<\/b><\/p>\n<\/td>\n<td valign=\"top\" width=\"208\">\n<p align=\"center\"><b>Numer sali lekcyjnej<\/b><\/p>\n<\/td>\n<\/tr>\n<tr>\n<td valign=\"top\" width=\"69\">\n<p align=\"center\"><b>IA<\/b><\/p>\n<\/td>\n<td valign=\"top\" width=\"422\"><b>FRANCISZKIEWICZ KATARZYNA <\/b><\/td>\n<td valign=\"top\" width=\"208\">\n<p align=\"center\"><b>3<\/b><\/p>\n<\/td>\n<\/tr>\n<tr>\n<td valign=\"top\" width=\"69\">\n<p align=\"center\"><b>IB<\/b><\/p>\n<\/td>\n<td valign=\"top\" width=\"422\"><b>RODA MARIA <\/b><\/td>\n<td valign=\"top\" width=\"208\">\n<p align=\"center\"><b>1<\/b><\/p>\n<\/td>\n<\/tr>\n<tr>\n<td valign=\"top\" width=\"69\">\n<p align=\"center\"><b>IC<\/b><\/p>\n<\/td>\n<td valign=\"top\" width=\"422\"><b>STROJK KATARZYNA <\/b><\/td>\n<td valign=\"top\" width=\"208\">\n<p align=\"center\"><b>15<\/b><\/p>\n<\/td>\n<\/tr>\n<tr>\n<td valign=\"top\" width=\"69\">\n<p align=\"center\"><b>ID<\/b><\/p>\n<\/td>\n<td valign=\"top\" width=\"422\"><b>TEMPSKA RENATA <\/b><\/td>\n<td valign=\"top\" width=\"208\">\n<p align=\"center\"><b>22.05.2024r. (\u015aroda)\u00a0godz. 17.00 \u00a0sala 5<\/b><\/p>\n<\/td>\n<\/tr>\n<tr>\n<td valign=\"top\" width=\"69\">\n<p align=\"center\"><b>IIA<\/b><\/p>\n<\/td>\n<td valign=\"top\" width=\"422\"><b>ROGOWSKA- SZACH MARZENA <\/b><\/td>\n<td valign=\"top\" width=\"208\">\n<p align=\"center\"><b>17<\/b><\/p>\n<\/td>\n<\/tr>\n<tr>\n<td valign=\"top\" width=\"69\">\n<p align=\"center\"><b>IIB<\/b><\/p>\n<\/td>\n<td valign=\"top\" width=\"422\"><b>DZIENNIAK ALDONA <\/b><\/td>\n<td valign=\"top\" width=\"208\">\n<p align=\"center\"><b>9<\/b><\/p>\n<\/td>\n<\/tr>\n<tr>\n<td valign=\"top\" width=\"69\">\n<p align=\"center\"><b>IIC<\/b><\/p>\n<\/td>\n<td valign=\"top\" width=\"422\"><b>HRYNDZIO IRENA \/ M. MICHE\u0143KO-FABISZEWSKA<\/b><\/td>\n<td valign=\"top\" width=\"208\">\n<p align=\"center\"><b>11<\/b><\/p>\n<\/td>\n<\/tr>\n<tr>\n<td valign=\"top\" width=\"69\">\n<p align=\"center\"><b>IID<\/b><\/p>\n<\/td>\n<td valign=\"top\" width=\"422\"><b>MYSZKA EWA <\/b><\/td>\n<td valign=\"top\" width=\"208\">\n<p align=\"center\"><b>Sala 21 godz. 17.00<\/b><\/p>\n<\/td>\n<\/tr>\n<tr>\n<td valign=\"top\" width=\"69\">\n<p align=\"center\"><b>IIIA<\/b><\/p>\n<\/td>\n<td valign=\"top\" width=\"422\"><b>PEPLI\u0143SKA MARZENA <\/b><\/td>\n<td valign=\"top\" width=\"208\">\n<p align=\"center\"><b>14<\/b><\/p>\n<\/td>\n<\/tr>\n<tr>\n<td valign=\"top\" width=\"69\">\n<p align=\"center\"><b>IIIB<\/b><\/p>\n<\/td>\n<td valign=\"top\" width=\"422\"><b>DAWIDOWSKA PATRYCJA <\/b><\/td>\n<td valign=\"top\" width=\"208\">\n<p align=\"center\"><b>12<\/b><\/p>\n<\/td>\n<\/tr>\n<tr>\n<td valign=\"top\" width=\"69\">\n<p align=\"center\"><b>IIIC<\/b><\/p>\n<\/td>\n<td valign=\"top\" width=\"422\"><b>STOLC BEATA <\/b><\/td>\n<td valign=\"top\" width=\"208\">\n<p align=\"center\"><b>23<\/b><\/p>\n<\/td>\n<\/tr>\n<tr>\n<td valign=\"top\" width=\"69\">\n<p align=\"center\"><b>IIID<\/b><\/p>\n<\/td>\n<td valign=\"top\" width=\"422\"><b>SOBCZAK URSZULA <\/b><\/td>\n<td valign=\"top\" width=\"208\">\n<p align=\"center\"><b>24<\/b><\/p>\n<\/td>\n<\/tr>\n<tr>\n<td valign=\"top\" width=\"69\">\n<p align=\"center\"><b>VIIB<\/b><\/p>\n<\/td>\n<td valign=\"top\" width=\"422\"><b>\u015aWISTAK MAGDALENA<\/b><\/td>\n<td valign=\"top\" width=\"208\">\n<p align=\"center\"><b>73<\/b><\/p>\n<\/td>\n<\/tr>\n<tr>\n<td valign=\"top\" width=\"69\">\n<p align=\"center\"><b>VIIIC<\/b><\/p>\n<\/td>\n<td valign=\"top\" width=\"422\"><b>\u017bMUDA TRZEBIATOWSKA BOGUMI\u0141A\/ TREDER J.<\/b><\/td>\n<td valign=\"top\" width=\"208\">\n<p align=\"center\"><b>51<\/b><\/p>\n<\/td>\n<\/tr>\n<\/tbody>\n<\/table>\n<p align=\"center\"><b>Pozostali nauczyciele ucz\u0105cy w klasach I- III pe\u0142ni\u0105 dy\u017cury<\/b><\/p>\n<p align=\"center\"><b>od 17:00 do 18:00<\/b><\/p>\n<p><b>A. Por\u0119ba-Rybak- sala 42<\/b><\/p>\n<p><b>Z. Wirkus- sala 44<\/b><\/p>\n<p><b>A. Stachlewicz &#8211; pok\u00f3j nauczycielski<\/b><\/p>\n<p><b>S. Wierzejski- pok\u00f3j nauczycielski<\/b><\/p>\n<p><b>J. Ma\u0144czak- pok\u00f3j nauczycielski<\/b><\/p>\n<p><b>E. Wischka Von Borczyskowska- sala 45<\/b><\/p>\n<p><b>M.Troja\u0144ska \u2013 kantorek 25<\/b><\/p>\n","protected":false},"excerpt":{"rendered":"<p>Przydzia\u0142 sal na spotkanie z rodzicami\u00a0\u00a0 \u00a0 W\u00a0 dniu 21.05.2024r. W GODZINACH 16:30-17:00\u00a0\u00a0\u00a0\u00a0 Klasa Imi\u0119 i nazwisko wychowawcy Numer sali lekcyjnej IA FRANCISZKIEWICZ KATARZYNA 3 IB RODA MARIA 1 IC STROJK KATARZYNA 15 ID TEMPSKA RENATA 22.05.2024r. (\u015aroda)\u00a0godz. 17.00 \u00a0sala 5 IIA ROGOWSKA- SZACH MARZENA 17 IIB DZIENNIAK ALDONA 9 IIC HRYNDZIO IRENA \/ M. [&hellip;]<\/p>\n","protected":false},"author":2,"featured_media":18842,"comment_status":"closed","ping_status":"closed","sticky":false,"template":"","format":"standard","meta":{"footnotes":""},"categories":[3,14],"tags":[],"class_list":["post-18834","post","type-post","status-publish","format-standard","has-post-thumbnail","hentry","category-aktualnosci","category-dla-rodzicow"],"_links":{"self":[{"href":"https:\/\/sp2bytow.pl\/index.php?rest_route=\/wp\/v2\/posts\/18834","targetHints":{"allow":["GET"]}}],"collection":[{"href":"https:\/\/sp2bytow.pl\/index.php?rest_route=\/wp\/v2\/posts"}],"about":[{"href":"https:\/\/sp2bytow.pl\/index.php?rest_route=\/wp\/v2\/types\/post"}],"author":[{"embeddable":true,"href":"https:\/\/sp2bytow.pl\/index.php?rest_route=\/wp\/v2\/users\/2"}],"replies":[{"embeddable":true,"href":"https:\/\/sp2bytow.pl\/index.php?rest_route=%2Fwp%2Fv2%2Fcomments&post=18834"}],"version-history":[{"count":2,"href":"https:\/\/sp2bytow.pl\/index.php?rest_route=\/wp\/v2\/posts\/18834\/revisions"}],"predecessor-version":[{"id":18841,"href":"https:\/\/sp2bytow.pl\/index.php?rest_route=\/wp\/v2\/posts\/18834\/revisions\/18841"}],"wp:featuredmedia":[{"embeddable":true,"href":"https:\/\/sp2bytow.pl\/index.php?rest_route=\/wp\/v2\/media\/18842"}],"wp:attachment":[{"href":"https:\/\/sp2bytow.pl\/index.php?rest_route=%2Fwp%2Fv2%2Fmedia&parent=18834"}],"wp:term":[{"taxonomy":"category","embeddable":true,"href":"https:\/\/sp2bytow.pl\/index.php?rest_route=%2Fwp%2Fv2%2Fcategories&post=18834"},{"taxonomy":"post_tag","embeddable":true,"href":"https:\/\/sp2bytow.pl\/index.php?rest_route=%2Fwp%2Fv2%2Ftags&post=18834"}],"curies":[{"name":"wp","href":"https:\/\/api.w.org\/{rel}","templated":true}]}}