{"id":18723,"date":"2024-05-14T06:22:22","date_gmt":"2024-05-14T06:22:22","guid":{"rendered":"http:\/\/sp2bytow.home.pl\/autoinstalator\/wordpress\/?p=18723"},"modified":"2024-05-20T06:23:02","modified_gmt":"2024-05-20T06:23:02","slug":"wyniki-szkolnego-konkursu-plastycznego-pt-moja-rodzina","status":"publish","type":"post","link":"https:\/\/sp2bytow.pl\/?p=18723","title":{"rendered":"WYNIKI SZKOLNEGO KONKURSU PLASTYCZNEGO PT. \u201e MOJA RODZINA&#8221;"},"content":{"rendered":"<div><\/div>\n<div>\n<div dir=\"auto\">Z przyjemno\u015bci\u0105 informujemy, \u017ce konkurs plastyczny pt. \u201eMoja rodzina&#8221; zosta\u0142<\/div>\n<div dir=\"auto\">rozstrzygni\u0119ty.<\/div>\n<\/div>\n<div>\n<div dir=\"auto\">Na konkurs nap\u0142yn\u0119lo wiele pomys\u0142owych i ciekawych prac.<\/div>\n<\/div>\n<div>\n<div dir=\"auto\">Komisja po dlugich naradach nagrodzi\u0142a nast\u0119pujace prace:<\/div>\n<div dir=\"auto\">Miejsce I- Barbara Brucka kl. II d<\/div>\n<\/div>\n<div>\n<div dir=\"auto\">Miejsce II- Zuzanna Dygowska kl. I d<\/div>\n<\/div>\n<div>\n<div dir=\"auto\">Miejsce III\u2013 Kornelia Spierewka kl. II c<\/div>\n<\/div>\n<div>\n<div dir=\"auto\">Wyr\u00f3\u017cnienia: Kalina \u017bmuda-Trzebiatowska kl. I d<\/div>\n<div dir=\"auto\">Daria Kruger kl. II b<\/div>\n<div dir=\"auto\">Amelia Wesierska kl. ID<\/div>\n<div dir=\"auto\">Olaf Koz\u0142owskikl. Ic<\/div>\n<div dir=\"auto\">Dawid Duchcik kl. II e<\/div>\n<\/div>\n<div>\n<div dir=\"auto\">Dzi\u0119kujemy wszystkim uczestnikom, ktorzy podj\u0119li wyzwanie i wzi\u0119li udzia\u0142 w konkursie. Wreczenie nagr\u00f3d oraz dyplom\u00f3w dla laureat\u00f3w odb\u0119dzie si\u0119 17.05.2024r(piatek) o godz. 11.00 w \u015bwietlicy szkolnej. Zwyci\u0119zcom gratulujemy i zach\u0119camy wszystkich do wzi\u0119cia udzialu w naszych kolejnych konkursach<\/div>\n<\/div>\n<div>\n<div dir=\"auto\">Wychowawezynie \u015bwietlicy szkolnej.<\/div>\n<div dir=\"auto\">\n\n\t\t<style type=\"text\/css\">\n\t\t\t#gallery-1 {\n\t\t\t\tmargin: auto;\n\t\t\t}\n\t\t\t#gallery-1 .gallery-item {\n\t\t\t\tfloat: left;\n\t\t\t\tmargin-top: 10px;\n\t\t\t\ttext-align: center;\n\t\t\t\twidth: 33%;\n\t\t\t}\n\t\t\t#gallery-1 img {\n\t\t\t\tborder: 2px solid #cfcfcf;\n\t\t\t}\n\t\t\t#gallery-1 .gallery-caption {\n\t\t\t\tmargin-left: 0;\n\t\t\t}\n\t\t\t\/* see gallery_shortcode() in wp-includes\/media.php *\/\n\t\t<\/style>\n\t\t<div id='gallery-1' class='gallery galleryid-18723 gallery-columns-3 gallery-size-thumbnail'><dl class='gallery-item'>\n\t\t\t<dt class='gallery-icon portrait'>\n\t\t\t\t<a href='https:\/\/sp2bytow.pl\/?attachment_id=18724'><img loading=\"lazy\" decoding=\"async\" width=\"150\" height=\"150\" src=\"https:\/\/sp2bytow.pl\/wp-content\/uploads\/2024\/05\/440484568_466580202434936_4052173269529496414_n-150x150.jpg\" class=\"attachment-thumbnail size-thumbnail\" alt=\"\" \/><\/a>\n\t\t\t<\/dt><\/dl><dl class='gallery-item'>\n\t\t\t<dt class='gallery-icon portrait'>\n\t\t\t\t<a href='https:\/\/sp2bytow.pl\/?attachment_id=18725'><img loading=\"lazy\" decoding=\"async\" width=\"150\" height=\"150\" src=\"https:\/\/sp2bytow.pl\/wp-content\/uploads\/2024\/05\/440368288_466580182434938_3526414394992429841_n-150x150.jpg\" class=\"attachment-thumbnail size-thumbnail\" alt=\"\" \/><\/a>\n\t\t\t<\/dt><\/dl><dl class='gallery-item'>\n\t\t\t<dt class='gallery-icon portrait'>\n\t\t\t\t<a href='https:\/\/sp2bytow.pl\/?attachment_id=18726'><img loading=\"lazy\" decoding=\"async\" width=\"150\" height=\"150\" src=\"https:\/\/sp2bytow.pl\/wp-content\/uploads\/2024\/05\/440455058_466580169101606_3521340093450211054_n-150x150.jpg\" class=\"attachment-thumbnail size-thumbnail\" alt=\"\" \/><\/a>\n\t\t\t<\/dt><\/dl><br style=\"clear: both\" \/>\n\t\t<\/div>\n\n<\/div>\n<\/div>\n","protected":false},"excerpt":{"rendered":"<p>Z przyjemno\u015bci\u0105 informujemy, \u017ce konkurs plastyczny pt. \u201eMoja rodzina&#8221; zosta\u0142 rozstrzygni\u0119ty. Na konkurs nap\u0142yn\u0119lo wiele pomys\u0142owych i ciekawych prac. Komisja po dlugich naradach nagrodzi\u0142a nast\u0119pujace prace: Miejsce I- Barbara Brucka kl. II d Miejsce II- Zuzanna Dygowska kl. I d Miejsce III\u2013 Kornelia Spierewka kl. II c Wyr\u00f3\u017cnienia: Kalina \u017bmuda-Trzebiatowska kl. I d Daria Kruger [&hellip;]<\/p>\n","protected":false},"author":2,"featured_media":18725,"comment_status":"closed","ping_status":"closed","sticky":false,"template":"","format":"standard","meta":{"footnotes":""},"categories":[3,9],"tags":[],"class_list":["post-18723","post","type-post","status-publish","format-standard","has-post-thumbnail","hentry","category-aktualnosci","category-swietlica"],"_links":{"self":[{"href":"https:\/\/sp2bytow.pl\/index.php?rest_route=\/wp\/v2\/posts\/18723","targetHints":{"allow":["GET"]}}],"collection":[{"href":"https:\/\/sp2bytow.pl\/index.php?rest_route=\/wp\/v2\/posts"}],"about":[{"href":"https:\/\/sp2bytow.pl\/index.php?rest_route=\/wp\/v2\/types\/post"}],"author":[{"embeddable":true,"href":"https:\/\/sp2bytow.pl\/index.php?rest_route=\/wp\/v2\/users\/2"}],"replies":[{"embeddable":true,"href":"https:\/\/sp2bytow.pl\/index.php?rest_route=%2Fwp%2Fv2%2Fcomments&post=18723"}],"version-history":[{"count":2,"href":"https:\/\/sp2bytow.pl\/index.php?rest_route=\/wp\/v2\/posts\/18723\/revisions"}],"predecessor-version":[{"id":18728,"href":"https:\/\/sp2bytow.pl\/index.php?rest_route=\/wp\/v2\/posts\/18723\/revisions\/18728"}],"wp:featuredmedia":[{"embeddable":true,"href":"https:\/\/sp2bytow.pl\/index.php?rest_route=\/wp\/v2\/media\/18725"}],"wp:attachment":[{"href":"https:\/\/sp2bytow.pl\/index.php?rest_route=%2Fwp%2Fv2%2Fmedia&parent=18723"}],"wp:term":[{"taxonomy":"category","embeddable":true,"href":"https:\/\/sp2bytow.pl\/index.php?rest_route=%2Fwp%2Fv2%2Fcategories&post=18723"},{"taxonomy":"post_tag","embeddable":true,"href":"https:\/\/sp2bytow.pl\/index.php?rest_route=%2Fwp%2Fv2%2Ftags&post=18723"}],"curies":[{"name":"wp","href":"https:\/\/api.w.org\/{rel}","templated":true}]}}