{"id":17980,"date":"2024-03-28T08:30:12","date_gmt":"2024-03-28T08:30:12","guid":{"rendered":"http:\/\/sp2bytow.home.pl\/autoinstalator\/wordpress\/?p=17980"},"modified":"2024-03-28T08:30:12","modified_gmt":"2024-03-28T08:30:12","slug":"konkurs-kartka-wielkanocna","status":"publish","type":"post","link":"https:\/\/sp2bytow.pl\/?p=17980","title":{"rendered":"konkurs ,,Kartka Wielkanocna&#8221;"},"content":{"rendered":"<div>\n<div dir=\"auto\">W dniu 26.03.2024 odby\u0142o si\u0119 w \u015bwietlicy szkolnej uroczyste wr\u0119czanie nagr\u00f3d i dyplom\u00f3w uczniom nagrodzonym w konkursie ,,Kartka Wielkanocna\u201d. Wszyscy uczniowie wykonali bardzo ciekawe prace o r\u00f3\u017cnorodnej technice. Komisja mia\u0142a twardy orzech do zgryzienia. Po naradach komisja wy\u0142oni\u0142a zwyci\u0119zc\u00f3w:<\/div>\n<div dir=\"auto\">I Miejsce<\/div>\n<div dir=\"auto\">Julia Wirska kl. 2D<\/div>\n<div dir=\"auto\">II Miejsce<\/div>\n<div dir=\"auto\">Alicja Reca kl. 2A<\/div>\n<div dir=\"auto\">III Miejsce<\/div>\n<div dir=\"auto\">Magdalena Polak kl. 2C<\/div>\n<div dir=\"auto\">Wyr\u00f3\u017cnienie<\/div>\n<div dir=\"auto\">B\u0142a\u017cej Listwon kl. IC<\/div>\n<div dir=\"auto\">Antoni Hinc kl. ID<\/div>\n<div dir=\"auto\">Krzysztof Laszkiewicz kl. IIIB<\/div>\n<div dir=\"auto\">Magdalena Bryzek kl. IB<\/div>\n<\/div>\n<div>\n<div dir=\"auto\">Wszystkim uczestnikom konkursu dzi\u0119kujemy, a nagrodzonym gratulujemy! Wychowawczynie \u015bwietlicy szkolnej<\/div>\n<div dir=\"auto\">\n\n\t\t<style type=\"text\/css\">\n\t\t\t#gallery-1 {\n\t\t\t\tmargin: auto;\n\t\t\t}\n\t\t\t#gallery-1 .gallery-item {\n\t\t\t\tfloat: left;\n\t\t\t\tmargin-top: 10px;\n\t\t\t\ttext-align: center;\n\t\t\t\twidth: 33%;\n\t\t\t}\n\t\t\t#gallery-1 img {\n\t\t\t\tborder: 2px solid #cfcfcf;\n\t\t\t}\n\t\t\t#gallery-1 .gallery-caption {\n\t\t\t\tmargin-left: 0;\n\t\t\t}\n\t\t\t\/* see gallery_shortcode() in wp-includes\/media.php *\/\n\t\t<\/style>\n\t\t<div id='gallery-1' class='gallery galleryid-17980 gallery-columns-3 gallery-size-thumbnail'><dl class='gallery-item'>\n\t\t\t<dt class='gallery-icon landscape'>\n\t\t\t\t<a href='https:\/\/sp2bytow.pl\/?attachment_id=17981'><img loading=\"lazy\" decoding=\"async\" width=\"150\" height=\"150\" src=\"https:\/\/sp2bytow.pl\/wp-content\/uploads\/2024\/03\/433198867_438743261885297_8572087873880786721_n-150x150.jpg\" class=\"attachment-thumbnail size-thumbnail\" alt=\"\" \/><\/a>\n\t\t\t<\/dt><\/dl><dl class='gallery-item'>\n\t\t\t<dt class='gallery-icon landscape'>\n\t\t\t\t<a href='https:\/\/sp2bytow.pl\/?attachment_id=17982'><img loading=\"lazy\" decoding=\"async\" width=\"150\" height=\"150\" src=\"https:\/\/sp2bytow.pl\/wp-content\/uploads\/2024\/03\/433144311_438743251885298_8252856490854941235_n-150x150.jpg\" class=\"attachment-thumbnail size-thumbnail\" alt=\"\" \/><\/a>\n\t\t\t<\/dt><\/dl>\n\t\t\t<br style='clear: both' \/>\n\t\t<\/div>\n\n<\/div>\n<div dir=\"auto\"><\/div>\n<\/div>\n","protected":false},"excerpt":{"rendered":"<p>W dniu 26.03.2024 odby\u0142o si\u0119 w \u015bwietlicy szkolnej uroczyste wr\u0119czanie nagr\u00f3d i dyplom\u00f3w uczniom nagrodzonym w konkursie ,,Kartka Wielkanocna\u201d. Wszyscy uczniowie wykonali bardzo ciekawe prace o r\u00f3\u017cnorodnej technice. Komisja mia\u0142a twardy orzech do zgryzienia. Po naradach komisja wy\u0142oni\u0142a zwyci\u0119zc\u00f3w: I Miejsce Julia Wirska kl. 2D II Miejsce Alicja Reca kl. 2A III Miejsce Magdalena Polak [&hellip;]<\/p>\n","protected":false},"author":2,"featured_media":17981,"comment_status":"closed","ping_status":"closed","sticky":false,"template":"","format":"standard","meta":{"ngg_post_thumbnail":0,"footnotes":""},"categories":[3,9],"tags":[],"class_list":["post-17980","post","type-post","status-publish","format-standard","has-post-thumbnail","hentry","category-aktualnosci","category-swietlica"],"_links":{"self":[{"href":"https:\/\/sp2bytow.pl\/index.php?rest_route=\/wp\/v2\/posts\/17980","targetHints":{"allow":["GET"]}}],"collection":[{"href":"https:\/\/sp2bytow.pl\/index.php?rest_route=\/wp\/v2\/posts"}],"about":[{"href":"https:\/\/sp2bytow.pl\/index.php?rest_route=\/wp\/v2\/types\/post"}],"author":[{"embeddable":true,"href":"https:\/\/sp2bytow.pl\/index.php?rest_route=\/wp\/v2\/users\/2"}],"replies":[{"embeddable":true,"href":"https:\/\/sp2bytow.pl\/index.php?rest_route=%2Fwp%2Fv2%2Fcomments&post=17980"}],"version-history":[{"count":1,"href":"https:\/\/sp2bytow.pl\/index.php?rest_route=\/wp\/v2\/posts\/17980\/revisions"}],"predecessor-version":[{"id":17983,"href":"https:\/\/sp2bytow.pl\/index.php?rest_route=\/wp\/v2\/posts\/17980\/revisions\/17983"}],"wp:featuredmedia":[{"embeddable":true,"href":"https:\/\/sp2bytow.pl\/index.php?rest_route=\/wp\/v2\/media\/17981"}],"wp:attachment":[{"href":"https:\/\/sp2bytow.pl\/index.php?rest_route=%2Fwp%2Fv2%2Fmedia&parent=17980"}],"wp:term":[{"taxonomy":"category","embeddable":true,"href":"https:\/\/sp2bytow.pl\/index.php?rest_route=%2Fwp%2Fv2%2Fcategories&post=17980"},{"taxonomy":"post_tag","embeddable":true,"href":"https:\/\/sp2bytow.pl\/index.php?rest_route=%2Fwp%2Fv2%2Ftags&post=17980"}],"curies":[{"name":"wp","href":"https:\/\/api.w.org\/{rel}","templated":true}]}}