{"id":16664,"date":"2023-11-27T08:20:54","date_gmt":"2023-11-27T08:20:54","guid":{"rendered":"http:\/\/sp2bytow.home.pl\/autoinstalator\/wordpress\/?p=16664"},"modified":"2023-11-27T08:21:04","modified_gmt":"2023-11-27T08:21:04","slug":"dzien-pluszowego-misia-2","status":"publish","type":"post","link":"https:\/\/sp2bytow.pl\/?p=16664","title":{"rendered":"Dzie\u0144 Pluszowego Misia"},"content":{"rendered":"<div>\n<div dir=\"auto\">\n<div id=\":r1e:\" data-ad-comet-preview=\"message\" data-ad-preview=\"message\">\n<div>\n<div>\n<div>\n<div dir=\"auto\">W dniu 24.11.2023r. w swietlicy szkolnej uczniowie obchodzili nietypowe \u015bwi\u0119to Dzie\u0144 Pluszowego Misia. Dzieci wykona\u0142y misie z kolorowego papieru oraz wsp\u00f3lnymi si\u0142ami pokolorowa\u0142y kolorowank\u0119 XXL. Uczniowie zrobili wsp\u00f3lne pami\u0105tkowe zdjecie i zdj\u0119cia indywidualne w fotobudce.<\/div>\n<\/div>\n<\/div>\n<\/div>\n<\/div>\n<\/div>\n<div id=\":r1f:\">\n\n\t\t<style type=\"text\/css\">\n\t\t\t#gallery-1 {\n\t\t\t\tmargin: auto;\n\t\t\t}\n\t\t\t#gallery-1 .gallery-item {\n\t\t\t\tfloat: left;\n\t\t\t\tmargin-top: 10px;\n\t\t\t\ttext-align: center;\n\t\t\t\twidth: 33%;\n\t\t\t}\n\t\t\t#gallery-1 img {\n\t\t\t\tborder: 2px solid #cfcfcf;\n\t\t\t}\n\t\t\t#gallery-1 .gallery-caption {\n\t\t\t\tmargin-left: 0;\n\t\t\t}\n\t\t\t\/* see gallery_shortcode() in wp-includes\/media.php *\/\n\t\t<\/style>\n\t\t<div id='gallery-1' class='gallery galleryid-16664 gallery-columns-3 gallery-size-thumbnail'><dl class='gallery-item'>\n\t\t\t<dt class='gallery-icon landscape'>\n\t\t\t\t<a href='https:\/\/sp2bytow.pl\/?attachment_id=16665'><img loading=\"lazy\" decoding=\"async\" width=\"150\" height=\"150\" src=\"https:\/\/sp2bytow.pl\/wp-content\/uploads\/2023\/11\/404747617_370978841995073_2660470880637569704_n-1-150x150.jpg\" class=\"attachment-thumbnail size-thumbnail\" alt=\"\" \/><\/a>\n\t\t\t<\/dt><\/dl><dl class='gallery-item'>\n\t\t\t<dt class='gallery-icon portrait'>\n\t\t\t\t<a href='https:\/\/sp2bytow.pl\/?attachment_id=16666'><img loading=\"lazy\" decoding=\"async\" width=\"150\" height=\"150\" src=\"https:\/\/sp2bytow.pl\/wp-content\/uploads\/2023\/11\/404717520_370978788661745_2357739868659096403_n-1-150x150.jpg\" class=\"attachment-thumbnail size-thumbnail\" alt=\"\" \/><\/a>\n\t\t\t<\/dt><\/dl><dl class='gallery-item'>\n\t\t\t<dt class='gallery-icon portrait'>\n\t\t\t\t<a href='https:\/\/sp2bytow.pl\/?attachment_id=16667'><img loading=\"lazy\" decoding=\"async\" width=\"150\" height=\"150\" src=\"https:\/\/sp2bytow.pl\/wp-content\/uploads\/2023\/11\/404628374_370978795328411_3979641583579775331_n-150x150.jpg\" class=\"attachment-thumbnail size-thumbnail\" alt=\"\" \/><\/a>\n\t\t\t<\/dt><\/dl><br style=\"clear: both\" \/><dl class='gallery-item'>\n\t\t\t<dt class='gallery-icon portrait'>\n\t\t\t\t<a href='https:\/\/sp2bytow.pl\/?attachment_id=16668'><img loading=\"lazy\" decoding=\"async\" width=\"150\" height=\"150\" src=\"https:\/\/sp2bytow.pl\/wp-content\/uploads\/2023\/11\/404620010_370978858661738_4743992137325650590_n-150x150.jpg\" class=\"attachment-thumbnail size-thumbnail\" alt=\"\" \/><\/a>\n\t\t\t<\/dt><\/dl><dl class='gallery-item'>\n\t\t\t<dt class='gallery-icon portrait'>\n\t\t\t\t<a href='https:\/\/sp2bytow.pl\/?attachment_id=16669'><img loading=\"lazy\" decoding=\"async\" width=\"150\" height=\"150\" src=\"https:\/\/sp2bytow.pl\/wp-content\/uploads\/2023\/11\/404658149_370978835328407_7644209670678589065_n-150x150.jpg\" class=\"attachment-thumbnail size-thumbnail\" alt=\"\" \/><\/a>\n\t\t\t<\/dt><\/dl>\n\t\t\t<br style='clear: both' \/>\n\t\t<\/div>\n\n<\/div>\n<\/div>\n<div>\n<div data-visualcompletion=\"ignore-dynamic\">\n<div>\n<div>\n<div>\n<div>\n<div>\n<div>\n<div tabindex=\"0\" role=\"button\"><\/div>\n<p>&nbsp;<\/p>\n<\/div>\n<\/div>\n<\/div>\n<\/div>\n<\/div>\n<\/div>\n<\/div>\n<\/div>\n","protected":false},"excerpt":{"rendered":"<p>W dniu 24.11.2023r. w swietlicy szkolnej uczniowie obchodzili nietypowe \u015bwi\u0119to Dzie\u0144 Pluszowego Misia. Dzieci wykona\u0142y misie z kolorowego papieru oraz wsp\u00f3lnymi si\u0142ami pokolorowa\u0142y kolorowank\u0119 XXL. Uczniowie zrobili wsp\u00f3lne pami\u0105tkowe zdjecie i zdj\u0119cia indywidualne w fotobudce. &nbsp;<\/p>\n","protected":false},"author":2,"featured_media":16665,"comment_status":"closed","ping_status":"closed","sticky":false,"template":"","format":"standard","meta":{"footnotes":""},"categories":[3,9],"tags":[],"class_list":["post-16664","post","type-post","status-publish","format-standard","has-post-thumbnail","hentry","category-aktualnosci","category-swietlica"],"_links":{"self":[{"href":"https:\/\/sp2bytow.pl\/index.php?rest_route=\/wp\/v2\/posts\/16664","targetHints":{"allow":["GET"]}}],"collection":[{"href":"https:\/\/sp2bytow.pl\/index.php?rest_route=\/wp\/v2\/posts"}],"about":[{"href":"https:\/\/sp2bytow.pl\/index.php?rest_route=\/wp\/v2\/types\/post"}],"author":[{"embeddable":true,"href":"https:\/\/sp2bytow.pl\/index.php?rest_route=\/wp\/v2\/users\/2"}],"replies":[{"embeddable":true,"href":"https:\/\/sp2bytow.pl\/index.php?rest_route=%2Fwp%2Fv2%2Fcomments&post=16664"}],"version-history":[{"count":1,"href":"https:\/\/sp2bytow.pl\/index.php?rest_route=\/wp\/v2\/posts\/16664\/revisions"}],"predecessor-version":[{"id":16670,"href":"https:\/\/sp2bytow.pl\/index.php?rest_route=\/wp\/v2\/posts\/16664\/revisions\/16670"}],"wp:featuredmedia":[{"embeddable":true,"href":"https:\/\/sp2bytow.pl\/index.php?rest_route=\/wp\/v2\/media\/16665"}],"wp:attachment":[{"href":"https:\/\/sp2bytow.pl\/index.php?rest_route=%2Fwp%2Fv2%2Fmedia&parent=16664"}],"wp:term":[{"taxonomy":"category","embeddable":true,"href":"https:\/\/sp2bytow.pl\/index.php?rest_route=%2Fwp%2Fv2%2Fcategories&post=16664"},{"taxonomy":"post_tag","embeddable":true,"href":"https:\/\/sp2bytow.pl\/index.php?rest_route=%2Fwp%2Fv2%2Ftags&post=16664"}],"curies":[{"name":"wp","href":"https:\/\/api.w.org\/{rel}","templated":true}]}}