{"id":15149,"date":"2023-06-26T05:10:43","date_gmt":"2023-06-26T05:10:43","guid":{"rendered":"http:\/\/sp2bytow.home.pl\/autoinstalator\/wordpress\/?p=15149"},"modified":"2023-06-29T06:27:02","modified_gmt":"2023-06-29T06:27:02","slug":"15149","status":"publish","type":"post","link":"https:\/\/sp2bytow.pl\/?p=15149","title":{"rendered":"Cross Festival 2022\/2023"},"content":{"rendered":"<div dir=\"auto\">Dnia 20 czerwca w SP Borzytuchom podsumowano ca\u0142oroczne zmagania i nagrodzono najlepszych w poszczeg\u00f3lnych kategoriach wiekowych w Cross Festival 2022\/2023. W klasyfikacji dru\u017cynowej zaj\u0119li\u015bmy VI miejsce!!! Do sukcesu dru\u017cynowego przyczynili si\u0119 wszyscy startuj\u0105cy uczniowie. Oto osoby nagrodzone:<\/div>\n<div dir=\"auto\">Barbara Brucka &#8211; I miejsce,<\/div>\n<div dir=\"auto\">Julia Wr\u00f3bel &#8211; III miejsce,<\/div>\n<div dir=\"auto\">Antonina Wr\u00f3bel &#8211; V miejsce,<\/div>\n<div dir=\"auto\">Szymon W\u0119sierski &#8211; VI miejsce,<\/div>\n<div dir=\"auto\">Kinga Spierewka &#8211; VI miejsce<\/div>\n<div dir=\"auto\">Kajetan Brucki &#8211; VII miejsce.<\/div>\n<div dir=\"auto\">Kolejna edycja Croos Festiwal rozpoczyna si\u0119 we wrze\u015bniu.<\/div>\n<div dir=\"auto\">\n\n\t\t<style type=\"text\/css\">\n\t\t\t#gallery-1 {\n\t\t\t\tmargin: auto;\n\t\t\t}\n\t\t\t#gallery-1 .gallery-item {\n\t\t\t\tfloat: left;\n\t\t\t\tmargin-top: 10px;\n\t\t\t\ttext-align: center;\n\t\t\t\twidth: 33%;\n\t\t\t}\n\t\t\t#gallery-1 img {\n\t\t\t\tborder: 2px solid #cfcfcf;\n\t\t\t}\n\t\t\t#gallery-1 .gallery-caption {\n\t\t\t\tmargin-left: 0;\n\t\t\t}\n\t\t\t\/* see gallery_shortcode() in wp-includes\/media.php *\/\n\t\t<\/style>\n\t\t<div id='gallery-1' class='gallery galleryid-15149 gallery-columns-3 gallery-size-thumbnail'><dl class='gallery-item'>\n\t\t\t<dt class='gallery-icon landscape'>\n\t\t\t\t<a href='https:\/\/sp2bytow.pl\/?attachment_id=15153'><img loading=\"lazy\" decoding=\"async\" width=\"150\" height=\"150\" src=\"https:\/\/sp2bytow.pl\/wp-content\/uploads\/2023\/06\/352812988_290408346718790_4662359318069210067_n-150x150.jpg\" class=\"attachment-thumbnail size-thumbnail\" alt=\"\" \/><\/a>\n\t\t\t<\/dt><\/dl><dl class='gallery-item'>\n\t\t\t<dt class='gallery-icon landscape'>\n\t\t\t\t<a href='https:\/\/sp2bytow.pl\/?attachment_id=15152'><img loading=\"lazy\" decoding=\"async\" width=\"150\" height=\"150\" src=\"https:\/\/sp2bytow.pl\/wp-content\/uploads\/2023\/06\/356060083_290408393385452_4987257616391829614_n-150x150.jpg\" class=\"attachment-thumbnail size-thumbnail\" alt=\"\" \/><\/a>\n\t\t\t<\/dt><\/dl><dl class='gallery-item'>\n\t\t\t<dt class='gallery-icon landscape'>\n\t\t\t\t<a href='https:\/\/sp2bytow.pl\/?attachment_id=15150'><img loading=\"lazy\" decoding=\"async\" width=\"150\" height=\"150\" src=\"https:\/\/sp2bytow.pl\/wp-content\/uploads\/2023\/06\/356205164_290408373385454_2844577894361259208_n-150x150.jpg\" class=\"attachment-thumbnail size-thumbnail\" alt=\"\" \/><\/a>\n\t\t\t<\/dt><\/dl><br style=\"clear: both\" \/><dl class='gallery-item'>\n\t\t\t<dt class='gallery-icon landscape'>\n\t\t\t\t<a href='https:\/\/sp2bytow.pl\/?attachment_id=15151'><img loading=\"lazy\" decoding=\"async\" width=\"150\" height=\"150\" src=\"https:\/\/sp2bytow.pl\/wp-content\/uploads\/2023\/06\/356202107_290408383385453_1307954398921489685_n-150x150.jpg\" class=\"attachment-thumbnail size-thumbnail\" alt=\"\" \/><\/a>\n\t\t\t<\/dt><\/dl>\n\t\t\t<br style='clear: both' \/>\n\t\t<\/div>\n\n<\/div>\n","protected":false},"excerpt":{"rendered":"<p>Dnia 20 czerwca w SP Borzytuchom podsumowano ca\u0142oroczne zmagania i nagrodzono najlepszych w poszczeg\u00f3lnych kategoriach wiekowych w Cross Festival 2022\/2023. W klasyfikacji dru\u017cynowej zaj\u0119li\u015bmy VI miejsce!!! Do sukcesu dru\u017cynowego przyczynili si\u0119 wszyscy startuj\u0105cy uczniowie. Oto osoby nagrodzone: Barbara Brucka &#8211; I miejsce, Julia Wr\u00f3bel &#8211; III miejsce, Antonina Wr\u00f3bel &#8211; V miejsce, Szymon W\u0119sierski &#8211; [&hellip;]<\/p>\n","protected":false},"author":2,"featured_media":15153,"comment_status":"closed","ping_status":"closed","sticky":false,"template":"","format":"standard","meta":{"footnotes":""},"categories":[3],"tags":[],"class_list":["post-15149","post","type-post","status-publish","format-standard","has-post-thumbnail","hentry","category-aktualnosci"],"_links":{"self":[{"href":"https:\/\/sp2bytow.pl\/index.php?rest_route=\/wp\/v2\/posts\/15149","targetHints":{"allow":["GET"]}}],"collection":[{"href":"https:\/\/sp2bytow.pl\/index.php?rest_route=\/wp\/v2\/posts"}],"about":[{"href":"https:\/\/sp2bytow.pl\/index.php?rest_route=\/wp\/v2\/types\/post"}],"author":[{"embeddable":true,"href":"https:\/\/sp2bytow.pl\/index.php?rest_route=\/wp\/v2\/users\/2"}],"replies":[{"embeddable":true,"href":"https:\/\/sp2bytow.pl\/index.php?rest_route=%2Fwp%2Fv2%2Fcomments&post=15149"}],"version-history":[{"count":4,"href":"https:\/\/sp2bytow.pl\/index.php?rest_route=\/wp\/v2\/posts\/15149\/revisions"}],"predecessor-version":[{"id":15241,"href":"https:\/\/sp2bytow.pl\/index.php?rest_route=\/wp\/v2\/posts\/15149\/revisions\/15241"}],"wp:featuredmedia":[{"embeddable":true,"href":"https:\/\/sp2bytow.pl\/index.php?rest_route=\/wp\/v2\/media\/15153"}],"wp:attachment":[{"href":"https:\/\/sp2bytow.pl\/index.php?rest_route=%2Fwp%2Fv2%2Fmedia&parent=15149"}],"wp:term":[{"taxonomy":"category","embeddable":true,"href":"https:\/\/sp2bytow.pl\/index.php?rest_route=%2Fwp%2Fv2%2Fcategories&post=15149"},{"taxonomy":"post_tag","embeddable":true,"href":"https:\/\/sp2bytow.pl\/index.php?rest_route=%2Fwp%2Fv2%2Ftags&post=15149"}],"curies":[{"name":"wp","href":"https:\/\/api.w.org\/{rel}","templated":true}]}}