{"id":13706,"date":"2023-03-14T06:52:33","date_gmt":"2023-03-14T06:52:33","guid":{"rendered":"http:\/\/sp2bytow.home.pl\/autoinstalator\/wordpress\/?p=13706"},"modified":"2023-03-14T06:52:58","modified_gmt":"2023-03-14T06:52:58","slug":"wojewodzki-konkurs-matematyczno-geograficzny-matgeo","status":"publish","type":"post","link":"https:\/\/sp2bytow.pl\/?p=13706","title":{"rendered":"Wojew\u00f3dzki Konkurs Matematyczno-Geograficzny ,,MATGEO&#8221;"},"content":{"rendered":"<div>\n<div dir=\"auto\">Dnia 9 marca 2023 roku uczniowie klas pi\u0105tych: Alicja Cichosz (Va), Zuzanna Kruza (Va) oraz Stanis\u0142aw Kowalik -Petke (Vd) wzi\u0119li udzia\u0142 w etapie rejonowym Wojew\u00f3dzkiego Konkursu Matematyczno-Geograficznego dla uczni\u00f3w klas V \u201eMATGEO\u201d.<\/div>\n<\/div>\n<div>\n<div dir=\"auto\">Konkurs przeznaczony jest dla uczni\u00f3w klas pi\u0105tych szk\u00f3\u0142 podstawowych wojew\u00f3dztwa pomorskiego, interesuj\u0105cych si\u0119 matematyk\u0105 i geografi\u0105, kt\u00f3rym rozwi\u0105zywanie zada\u0144 i problem\u00f3w sprawia rado\u015b\u0107 i satysfakcj\u0119.<\/div>\n<\/div>\n<div>\n<div dir=\"auto\">Etap rejonowy konkursu odby\u0142 si\u0119 w Szkole Podstawowej nr 5 w Chojnicach.<\/div>\n<div dir=\"auto\"><a href=\"https:\/\/sp2bytow.pl\/wp-content\/uploads\/2023\/03\/333407891_3311134979138210_7061412794265900182_n-1.jpg\"><img loading=\"lazy\" decoding=\"async\" class=\"alignnone size-medium wp-image-13707\" alt=\"333407891_3311134979138210_7061412794265900182_n (1)\" src=\"https:\/\/sp2bytow.pl\/wp-content\/uploads\/2023\/03\/333407891_3311134979138210_7061412794265900182_n-1-300x225.jpg\" width=\"300\" height=\"225\" srcset=\"https:\/\/sp2bytow.pl\/wp-content\/uploads\/2023\/03\/333407891_3311134979138210_7061412794265900182_n-1-300x225.jpg 300w, https:\/\/sp2bytow.pl\/wp-content\/uploads\/2023\/03\/333407891_3311134979138210_7061412794265900182_n-1-1024x768.jpg 1024w, https:\/\/sp2bytow.pl\/wp-content\/uploads\/2023\/03\/333407891_3311134979138210_7061412794265900182_n-1.jpg 1600w\" sizes=\"auto, (max-width: 300px) 100vw, 300px\" \/><\/a><\/div>\n<\/div>\n","protected":false},"excerpt":{"rendered":"<p>Dnia 9 marca 2023 roku uczniowie klas pi\u0105tych: Alicja Cichosz (Va), Zuzanna Kruza (Va) oraz Stanis\u0142aw Kowalik -Petke (Vd) wzi\u0119li udzia\u0142 w etapie rejonowym Wojew\u00f3dzkiego Konkursu Matematyczno-Geograficznego dla uczni\u00f3w klas V \u201eMATGEO\u201d. Konkurs przeznaczony jest dla uczni\u00f3w klas pi\u0105tych szk\u00f3\u0142 podstawowych wojew\u00f3dztwa pomorskiego, interesuj\u0105cych si\u0119 matematyk\u0105 i geografi\u0105, kt\u00f3rym rozwi\u0105zywanie zada\u0144 i problem\u00f3w sprawia rado\u015b\u0107 [&hellip;]<\/p>\n","protected":false},"author":2,"featured_media":13707,"comment_status":"closed","ping_status":"closed","sticky":false,"template":"","format":"standard","meta":{"footnotes":""},"categories":[3],"tags":[],"class_list":["post-13706","post","type-post","status-publish","format-standard","has-post-thumbnail","hentry","category-aktualnosci"],"_links":{"self":[{"href":"https:\/\/sp2bytow.pl\/index.php?rest_route=\/wp\/v2\/posts\/13706","targetHints":{"allow":["GET"]}}],"collection":[{"href":"https:\/\/sp2bytow.pl\/index.php?rest_route=\/wp\/v2\/posts"}],"about":[{"href":"https:\/\/sp2bytow.pl\/index.php?rest_route=\/wp\/v2\/types\/post"}],"author":[{"embeddable":true,"href":"https:\/\/sp2bytow.pl\/index.php?rest_route=\/wp\/v2\/users\/2"}],"replies":[{"embeddable":true,"href":"https:\/\/sp2bytow.pl\/index.php?rest_route=%2Fwp%2Fv2%2Fcomments&post=13706"}],"version-history":[{"count":1,"href":"https:\/\/sp2bytow.pl\/index.php?rest_route=\/wp\/v2\/posts\/13706\/revisions"}],"predecessor-version":[{"id":13708,"href":"https:\/\/sp2bytow.pl\/index.php?rest_route=\/wp\/v2\/posts\/13706\/revisions\/13708"}],"wp:featuredmedia":[{"embeddable":true,"href":"https:\/\/sp2bytow.pl\/index.php?rest_route=\/wp\/v2\/media\/13707"}],"wp:attachment":[{"href":"https:\/\/sp2bytow.pl\/index.php?rest_route=%2Fwp%2Fv2%2Fmedia&parent=13706"}],"wp:term":[{"taxonomy":"category","embeddable":true,"href":"https:\/\/sp2bytow.pl\/index.php?rest_route=%2Fwp%2Fv2%2Fcategories&post=13706"},{"taxonomy":"post_tag","embeddable":true,"href":"https:\/\/sp2bytow.pl\/index.php?rest_route=%2Fwp%2Fv2%2Ftags&post=13706"}],"curies":[{"name":"wp","href":"https:\/\/api.w.org\/{rel}","templated":true}]}}