{"id":13654,"date":"2023-03-10T12:04:08","date_gmt":"2023-03-10T12:04:08","guid":{"rendered":"http:\/\/sp2bytow.home.pl\/autoinstalator\/wordpress\/?p=13654"},"modified":"2023-03-14T06:55:11","modified_gmt":"2023-03-14T06:55:11","slug":"konkurs-plastyczny-z-okazji-swiatowego-dnia-autyzmu","status":"publish","type":"post","link":"https:\/\/sp2bytow.pl\/?p=13654","title":{"rendered":"Konkurs Plastyczny z okazji \u015bwiatowego dnia \u015bwiadomo\u015bci autyzmu"},"content":{"rendered":"<p>&nbsp;<\/p>\n<p>&nbsp;<\/p>\n<p>&nbsp;<\/p>\n<p>&nbsp;<\/p>\n<p>&nbsp;<\/p>\n<div dir=\"auto\">Zapraszamy uczni\u00f3w z klas I-III oraz IV-VIII do wzi\u0119cia udzia\u0142u w konkursie plastycznym z okazji \u015awiatowego Dnia \u015awiadomo\u015bci Autyzmu. Wi\u0119cej informacji na zdj\u0119ciach.<\/div>\n<div dir=\"auto\">Organizatorzy:<\/div>\n<div dir=\"auto\">Joanna Klafka<\/div>\n<div dir=\"auto\">Aldona Dzienniak<\/div>\n<div dir=\"auto\">Aneta Czuba<\/div>\n<p><a href=\"https:\/\/sp2bytow.pl\/wp-content\/uploads\/2023\/03\/IMG_20230310_091904.jpg\"><img loading=\"lazy\" decoding=\"async\" class=\"alignnone size-medium wp-image-13655\" alt=\"IMG_20230310_091904\" src=\"https:\/\/sp2bytow.pl\/wp-content\/uploads\/2023\/03\/IMG_20230310_091904-217x300.jpg\" width=\"217\" height=\"300\" srcset=\"https:\/\/sp2bytow.pl\/wp-content\/uploads\/2023\/03\/IMG_20230310_091904-217x300.jpg 217w, https:\/\/sp2bytow.pl\/wp-content\/uploads\/2023\/03\/IMG_20230310_091904-743x1024.jpg 743w, https:\/\/sp2bytow.pl\/wp-content\/uploads\/2023\/03\/IMG_20230310_091904.jpg 1080w\" sizes=\"auto, (max-width: 217px) 100vw, 217px\" \/><\/a> <a href=\"https:\/\/sp2bytow.pl\/wp-content\/uploads\/2023\/03\/IMG_20230310_091804.jpg\"><img loading=\"lazy\" decoding=\"async\" class=\"alignnone size-medium wp-image-13656\" alt=\"IMG_20230310_091804\" src=\"https:\/\/sp2bytow.pl\/wp-content\/uploads\/2023\/03\/IMG_20230310_091804-218x300.jpg\" width=\"218\" height=\"300\" srcset=\"https:\/\/sp2bytow.pl\/wp-content\/uploads\/2023\/03\/IMG_20230310_091804-218x300.jpg 218w, https:\/\/sp2bytow.pl\/wp-content\/uploads\/2023\/03\/IMG_20230310_091804-747x1024.jpg 747w, https:\/\/sp2bytow.pl\/wp-content\/uploads\/2023\/03\/IMG_20230310_091804.jpg 1080w\" sizes=\"auto, (max-width: 218px) 100vw, 218px\" \/><\/a><\/p>\n","protected":false},"excerpt":{"rendered":"<p>&nbsp; &nbsp; &nbsp; &nbsp; &nbsp; Zapraszamy uczni\u00f3w z klas I-III oraz IV-VIII do wzi\u0119cia udzia\u0142u w konkursie plastycznym z okazji \u015awiatowego Dnia \u015awiadomo\u015bci Autyzmu. Wi\u0119cej informacji na zdj\u0119ciach. Organizatorzy: Joanna Klafka Aldona Dzienniak Aneta Czuba<\/p>\n","protected":false},"author":2,"featured_media":13656,"comment_status":"closed","ping_status":"closed","sticky":false,"template":"","format":"standard","meta":{"footnotes":""},"categories":[3],"tags":[],"class_list":["post-13654","post","type-post","status-publish","format-standard","has-post-thumbnail","hentry","category-aktualnosci"],"_links":{"self":[{"href":"https:\/\/sp2bytow.pl\/index.php?rest_route=\/wp\/v2\/posts\/13654","targetHints":{"allow":["GET"]}}],"collection":[{"href":"https:\/\/sp2bytow.pl\/index.php?rest_route=\/wp\/v2\/posts"}],"about":[{"href":"https:\/\/sp2bytow.pl\/index.php?rest_route=\/wp\/v2\/types\/post"}],"author":[{"embeddable":true,"href":"https:\/\/sp2bytow.pl\/index.php?rest_route=\/wp\/v2\/users\/2"}],"replies":[{"embeddable":true,"href":"https:\/\/sp2bytow.pl\/index.php?rest_route=%2Fwp%2Fv2%2Fcomments&post=13654"}],"version-history":[{"count":4,"href":"https:\/\/sp2bytow.pl\/index.php?rest_route=\/wp\/v2\/posts\/13654\/revisions"}],"predecessor-version":[{"id":13710,"href":"https:\/\/sp2bytow.pl\/index.php?rest_route=\/wp\/v2\/posts\/13654\/revisions\/13710"}],"wp:featuredmedia":[{"embeddable":true,"href":"https:\/\/sp2bytow.pl\/index.php?rest_route=\/wp\/v2\/media\/13656"}],"wp:attachment":[{"href":"https:\/\/sp2bytow.pl\/index.php?rest_route=%2Fwp%2Fv2%2Fmedia&parent=13654"}],"wp:term":[{"taxonomy":"category","embeddable":true,"href":"https:\/\/sp2bytow.pl\/index.php?rest_route=%2Fwp%2Fv2%2Fcategories&post=13654"},{"taxonomy":"post_tag","embeddable":true,"href":"https:\/\/sp2bytow.pl\/index.php?rest_route=%2Fwp%2Fv2%2Ftags&post=13654"}],"curies":[{"name":"wp","href":"https:\/\/api.w.org\/{rel}","templated":true}]}}