{"id":13628,"date":"2023-03-09T09:41:03","date_gmt":"2023-03-09T09:41:03","guid":{"rendered":"http:\/\/sp2bytow.home.pl\/autoinstalator\/wordpress\/?p=13628"},"modified":"2023-03-09T09:42:28","modified_gmt":"2023-03-09T09:42:28","slug":"i-szkolny-konkurs-recytatorski-wierszy-jana-brzechwy","status":"publish","type":"post","link":"https:\/\/sp2bytow.pl\/?p=13628","title":{"rendered":"I Szkolny Konkurs Recytatorski wierszy Jana Brzechwy"},"content":{"rendered":"<p>Zapraszamy ch\u0119tnych uczni\u00f3w z klas 1-3 do I Szkolnego Konkursu Recytatorskiego wierszy Jana Brzechwy. Konkurs odb\u0119dzie si\u0119 w Bibliotece Szkolnej dnia 30 marca 2023r. o godz. 9.50.<br \/>\nCelem konkursu jest:<br \/>\n&#8211; zapoznanie i zainteresowanie uczni\u00f3w tw\u00f3rczo\u015bci\u0105 Jana Brzechwy i literatur\u0105,<br \/>\n&#8211; rozwijanie zdolno\u015bci recytatorskich,<br \/>\n-prezentacja i promowanie talentu uczni\u00f3w,<br \/>\n-kszta\u0142towanie wra\u017cliwo\u015bci na pi\u0119kno poezji i kultury \u017cywego s\u0142owa,<br \/>\n-motywowanie do wyst\u0119p\u00f3w publicznych,<br \/>\n&#8211; wspieranie dzia\u0142a\u0144 tw\u00f3rczych,<br \/>\n-uczenie dzieci &#8222;zdrowej&#8221; rywalizacji w przyjaznej atmosferze,<br \/>\nZasady uczestnictwa:<br \/>\n&#8211; konkurs przeznaczony jest dla uczni\u00f3w naszej szko\u0142y z klas 1-3,<br \/>\n-konkurs b\u0119dzie mia\u0142 form\u0119 prezentacji dowolnego utworu z kanonu poezji dzieci\u0119cej Jana Brzechwy,<br \/>\n&#8211; z ka\u017cdej klasy wychowawca wybiera 1 lub 2 reprezentant\u00f3w, ka\u017cdy uczestnik prezentuje po jednym wybranym wierszu o tematyce konkursowej, kt\u00f3rego czas prezentacji nie mo\u017ce przekroczy\u0107 5 minut,<br \/>\n-prezentacje warto wzbogaci\u0107 odpowiednim strojem\/ lub rekwizytami,<br \/>\n-chec udzia\u0142u w konkursie nale\u017cy zg\u0142osi\u0107 osobi\u015bcie u wychowawcy klasy lub do P.M,Sobisz lub K.Strojk do dnia 17 marca 2023r.<br \/>\nPrzebieg konkursu:<br \/>\nKonkurs przebiega w II etapach:<br \/>\nI etap- eliminacje klasowe:<br \/>\n&#8211; wychowawca typuje w wyniku eliminacji 1 lub 2 uczestnik\u00f3w do kolejnego etapu do dnia 24 marca 2023r.<br \/>\nII etap &#8211; eliminacje szkolne: konkurs odb\u0119dzie si\u0119 dnia 30 marca 2023r.w Bibliotece szkolnej SP2 w Bytowie o godz. 9.50.<br \/>\nKryteria oceny:<br \/>\nPowo\u0142ana komisja konkursowa dokona oceny wg nast\u0119puj\u0105cych kryteri\u00f3w:<br \/>\n&#8211; dob\u00f3r tekstu i jego pami\u0119ciowe opanowanie,<br \/>\n&#8211; wyrazista i poprawn\u0105 recytacja,<br \/>\n-interpretacja tekstu,<br \/>\n&#8211; og\u00f3lny wyraz artystyczny (gest sceniczny, element ruchu, str\u00f3j itp.)<br \/>\nNagrody: Laureaci I,II i III miejsca otrzymaj\u0105 nagrody rzeczowe i dyplomy. Pozostali uczestnicy otrzymaj\u0105 dyplomy potwierdzaj\u0105ce udzia\u0142 w konkursie i nagrod\u0119 pocieszenia.<br \/>\nOrganizatorzy: Katarzyna Strojk i Maria Sobisz.<br \/>\nWsp\u00f3\u0142praca: wychowawcy klas 1-3 , Anna Duda.<\/p>\n","protected":false},"excerpt":{"rendered":"<p>Zapraszamy ch\u0119tnych uczni\u00f3w z klas 1-3 do I Szkolnego Konkursu Recytatorskiego wierszy Jana Brzechwy. Konkurs odb\u0119dzie si\u0119 w Bibliotece Szkolnej dnia 30 marca 2023r. o godz. 9.50. Celem konkursu jest: &#8211; zapoznanie i zainteresowanie uczni\u00f3w tw\u00f3rczo\u015bci\u0105 Jana Brzechwy i literatur\u0105, &#8211; rozwijanie zdolno\u015bci recytatorskich, -prezentacja i promowanie talentu uczni\u00f3w, -kszta\u0142towanie wra\u017cliwo\u015bci na pi\u0119kno poezji i [&hellip;]<\/p>\n","protected":false},"author":2,"featured_media":13630,"comment_status":"closed","ping_status":"closed","sticky":false,"template":"","format":"standard","meta":{"footnotes":""},"categories":[3],"tags":[],"class_list":["post-13628","post","type-post","status-publish","format-standard","has-post-thumbnail","hentry","category-aktualnosci"],"_links":{"self":[{"href":"https:\/\/sp2bytow.pl\/index.php?rest_route=\/wp\/v2\/posts\/13628","targetHints":{"allow":["GET"]}}],"collection":[{"href":"https:\/\/sp2bytow.pl\/index.php?rest_route=\/wp\/v2\/posts"}],"about":[{"href":"https:\/\/sp2bytow.pl\/index.php?rest_route=\/wp\/v2\/types\/post"}],"author":[{"embeddable":true,"href":"https:\/\/sp2bytow.pl\/index.php?rest_route=\/wp\/v2\/users\/2"}],"replies":[{"embeddable":true,"href":"https:\/\/sp2bytow.pl\/index.php?rest_route=%2Fwp%2Fv2%2Fcomments&post=13628"}],"version-history":[{"count":1,"href":"https:\/\/sp2bytow.pl\/index.php?rest_route=\/wp\/v2\/posts\/13628\/revisions"}],"predecessor-version":[{"id":13629,"href":"https:\/\/sp2bytow.pl\/index.php?rest_route=\/wp\/v2\/posts\/13628\/revisions\/13629"}],"wp:featuredmedia":[{"embeddable":true,"href":"https:\/\/sp2bytow.pl\/index.php?rest_route=\/wp\/v2\/media\/13630"}],"wp:attachment":[{"href":"https:\/\/sp2bytow.pl\/index.php?rest_route=%2Fwp%2Fv2%2Fmedia&parent=13628"}],"wp:term":[{"taxonomy":"category","embeddable":true,"href":"https:\/\/sp2bytow.pl\/index.php?rest_route=%2Fwp%2Fv2%2Fcategories&post=13628"},{"taxonomy":"post_tag","embeddable":true,"href":"https:\/\/sp2bytow.pl\/index.php?rest_route=%2Fwp%2Fv2%2Ftags&post=13628"}],"curies":[{"name":"wp","href":"https:\/\/api.w.org\/{rel}","templated":true}]}}