{"id":13367,"date":"2023-02-09T06:58:53","date_gmt":"2023-02-09T06:58:53","guid":{"rendered":"http:\/\/sp2bytow.home.pl\/autoinstalator\/wordpress\/?p=13367"},"modified":"2023-02-09T06:58:53","modified_gmt":"2023-02-09T06:58:53","slug":"spotkanie-z-rodzicami-klas-iv-viii","status":"publish","type":"post","link":"https:\/\/sp2bytow.pl\/?p=13367","title":{"rendered":"Spotkanie z rodzicami klas IV-VIII"},"content":{"rendered":"<p><b>Przydzia\u0142\u00a0 sal dla wychowawc\u00f3w\u00a0 klas IV-VIII na spotkania z rodzicami w dniu 09.02.2023r.<\/b><\/p>\n<p>&#8211; spotkanie<b>\u00a0<\/b>wychowawc\u00f3w z rodzicami w godzinach 17.00 -17.30<b><\/b><\/p>\n<p>&#8211; nauczyciele przedmiotowi i wychowawcy s\u0105 dost\u0119pni dla rodzic\u00f3w w godzinach 17.30 -18.30 w wyznaczonych salach<\/p>\n<p>&nbsp;<\/p>\n<table border=\"1\" cellspacing=\"0\" cellpadding=\"0\" align=\"left\">\n<tbody>\n<tr>\n<td valign=\"top\" width=\"77\">klasa<\/td>\n<td valign=\"top\" width=\"137\">\u00a0\u00a0\u00a0\u00a0\u00a0\u00a0\u00a0\u00a0\u00a0\u00a0 sala<\/td>\n<td valign=\"top\" width=\"483\">wychowawca<\/td>\n<\/tr>\n<tr>\n<td valign=\"top\" width=\"77\">\n<p align=\"center\">4a<\/p>\n<\/td>\n<td valign=\"top\" width=\"137\">\n<p align=\"center\">3<\/p>\n<\/td>\n<td valign=\"top\" width=\"483\">Marzena Romanko \u2013 j.angielski<\/td>\n<\/tr>\n<tr>\n<td valign=\"top\" width=\"77\">\n<p align=\"center\">4b<\/p>\n<\/td>\n<td valign=\"top\" width=\"137\">\n<p align=\"center\">5<\/p>\n<\/td>\n<td valign=\"top\" width=\"483\">Katarzyna Chrzan &#8211; matematyka<\/td>\n<\/tr>\n<tr>\n<td valign=\"top\" width=\"77\">\n<p align=\"center\">4c<\/p>\n<\/td>\n<td valign=\"top\" width=\"137\">\n<p align=\"center\">21<\/p>\n<\/td>\n<td valign=\"top\" width=\"483\">Iwona Domaszk \u2013 j.polski<\/td>\n<\/tr>\n<tr>\n<td valign=\"top\" width=\"77\">\n<p align=\"center\">4d<\/p>\n<\/td>\n<td valign=\"top\" width=\"137\">\n<p align=\"center\">17<\/p>\n<\/td>\n<td valign=\"top\" width=\"483\">Ewa Maikowski \u2013 j.polski<\/td>\n<\/tr>\n<tr>\n<td valign=\"top\" width=\"77\">\n<p align=\"center\">5 a<\/p>\n<\/td>\n<td valign=\"top\" width=\"137\">\n<p align=\"center\">49<\/p>\n<\/td>\n<td valign=\"top\" width=\"483\">Aurelia Parol\u00a0 &#8211; matematyka<\/td>\n<\/tr>\n<tr>\n<td valign=\"top\" width=\"77\">\n<p align=\"center\">5 b<\/p>\n<\/td>\n<td valign=\"top\" width=\"137\">\n<p align=\"center\">37<\/p>\n<\/td>\n<td valign=\"top\" width=\"483\">Miros\u0142aw Reschke \u2013 fizyka, informatyka<\/td>\n<\/tr>\n<tr>\n<td valign=\"top\" width=\"77\">\n<p align=\"center\">5 c<\/p>\n<\/td>\n<td valign=\"top\" width=\"137\">\n<p align=\"center\">32<\/p>\n<\/td>\n<td valign=\"top\" width=\"483\">Barbara Chmielewska \u2013 j.angielski<\/td>\n<\/tr>\n<tr>\n<td valign=\"top\" width=\"77\">\n<p align=\"center\">5 d<\/p>\n<\/td>\n<td valign=\"top\" width=\"137\">\n<p align=\"center\">1<\/p>\n<\/td>\n<td valign=\"top\" width=\"483\">Ewelina Szysz\u0142o \u2013 j.angielski<\/td>\n<\/tr>\n<tr>\n<td valign=\"top\" width=\"77\">\n<p align=\"center\">6 a<\/p>\n<\/td>\n<td valign=\"top\" width=\"137\">\n<p align=\"center\">23<\/p>\n<\/td>\n<td valign=\"top\" width=\"483\">Sebastian Brucki \u2013 wychowanie fizyczne<\/td>\n<\/tr>\n<tr>\n<td valign=\"top\" width=\"77\">\n<p align=\"center\">6 b<\/p>\n<\/td>\n<td valign=\"top\" width=\"137\">\n<p align=\"center\">24<\/p>\n<\/td>\n<td valign=\"top\" width=\"483\">Ma\u0142gorzata Aurang \u2013 j.polski<\/td>\n<\/tr>\n<tr>\n<td valign=\"top\" width=\"77\">\n<p align=\"center\">6 c<\/p>\n<\/td>\n<td valign=\"top\" width=\"137\">\n<p align=\"center\">70<\/p>\n<\/td>\n<td valign=\"top\" width=\"483\">Lucyna Brucka \u2013 wychowanie fizyczne<\/td>\n<\/tr>\n<tr>\n<td valign=\"top\" width=\"77\">\n<p align=\"center\">6 d<\/p>\n<\/td>\n<td valign=\"top\" width=\"137\">\n<p align=\"center\">73<\/p>\n<\/td>\n<td valign=\"top\" width=\"483\">Krystyna Gliszczy\u0144ska-W\u0119sierska \u2013 wychowanie fizyczne<\/td>\n<\/tr>\n<tr>\n<td valign=\"top\" width=\"77\">\n<p align=\"center\">7a<\/p>\n<\/td>\n<td valign=\"top\" width=\"137\">\n<p align=\"center\">46<\/p>\n<\/td>\n<td valign=\"top\" width=\"483\">Renata Smorawska &#8211; historia<\/td>\n<\/tr>\n<tr>\n<td valign=\"top\" width=\"77\">\n<p align=\"center\">7b<\/p>\n<\/td>\n<td valign=\"top\" width=\"137\">\n<p align=\"center\">26<\/p>\n<\/td>\n<td valign=\"top\" width=\"483\">Ma\u0142gorzata Troja\u0144ska \u2013 j.polski<\/td>\n<\/tr>\n<tr>\n<td valign=\"top\" width=\"77\">\n<p align=\"center\">7c<\/p>\n<\/td>\n<td valign=\"top\" width=\"137\">\n<p align=\"center\">51<\/p>\n<\/td>\n<td valign=\"top\" width=\"483\">Bogumi\u0142a \u017bmuda-Trzebiatowska \u2013 biologia, przyroda<\/td>\n<\/tr>\n<tr>\n<td valign=\"top\" width=\"77\">\n<p align=\"center\">8a<\/p>\n<\/td>\n<td valign=\"top\" width=\"137\">\n<p align=\"center\">15<\/p>\n<\/td>\n<td valign=\"top\" width=\"483\">Magdalena Miche\u0144ko-Fabiszewska \u2013 nauczyciel wspieraj\u0105cy<\/td>\n<\/tr>\n<tr>\n<td valign=\"top\" width=\"77\">\n<p align=\"center\">8b<\/p>\n<\/td>\n<td valign=\"top\" width=\"137\">\n<p align=\"center\">44<\/p>\n<\/td>\n<td valign=\"top\" width=\"483\">Maja Eliasz \u2013 j.angielski<\/td>\n<\/tr>\n<tr>\n<td valign=\"top\" width=\"77\">\n<p align=\"center\">8c<\/p>\n<\/td>\n<td valign=\"top\" width=\"137\">\n<p align=\"center\">50<\/p>\n<\/td>\n<td valign=\"top\" width=\"483\">Magdalena Melchert-Knop &#8211; matematyka<\/td>\n<\/tr>\n<tr>\n<td valign=\"top\" width=\"77\">\n<p align=\"center\">8d<\/p>\n<\/td>\n<td valign=\"top\" width=\"137\">\n<p align=\"center\">45<\/p>\n<\/td>\n<td valign=\"top\" width=\"483\">Jacek Wiczkowski \u2013 geografia, religia<\/td>\n<\/tr>\n<tr>\n<td valign=\"top\" width=\"77\">\n<p align=\"center\">8e<\/p>\n<\/td>\n<td valign=\"top\" width=\"137\">\n<p align=\"center\">47<\/p>\n<\/td>\n<td valign=\"top\" width=\"483\">Aneta Winiarska \u2013 j.polski<\/td>\n<\/tr>\n<tr>\n<td valign=\"top\" width=\"77\"><\/td>\n<td valign=\"top\" width=\"137\">\n<p align=\"center\">40<\/p>\n<\/td>\n<td valign=\"top\" width=\"483\">Krzysztof Melchert \u2013 informatyka, historia<\/td>\n<\/tr>\n<tr>\n<td valign=\"top\" width=\"77\"><\/td>\n<td valign=\"top\" width=\"137\">\n<p align=\"center\">41<\/p>\n<\/td>\n<td valign=\"top\" width=\"483\">Agnieszka Kurkowska-pedagog<\/p>\n<p>Bo\u017cena Jakubek &#8211; psycholog<\/td>\n<\/tr>\n<tr>\n<td valign=\"top\" width=\"77\"><\/td>\n<td valign=\"top\" width=\"137\">\n<p align=\"center\">48<\/p>\n<\/td>\n<td valign=\"top\" width=\"483\">Karolina Ja\u017cd\u017cewska \u2013 chemia, przyroda<\/td>\n<\/tr>\n<tr>\n<td valign=\"top\" width=\"77\"><\/td>\n<td valign=\"top\" width=\"137\">\n<p align=\"center\">60<\/p>\n<\/td>\n<td valign=\"top\" width=\"483\">Lucyna Sierzputowska &#8211; matematyka<\/td>\n<\/tr>\n<tr>\n<td valign=\"top\" width=\"77\"><\/td>\n<td valign=\"top\" width=\"137\">\n<p align=\"center\">71<\/p>\n<\/td>\n<td valign=\"top\" width=\"483\">El\u017cbieta Wischka von Borczyskowska &#8211; logopeda<\/td>\n<\/tr>\n<tr>\n<td valign=\"top\" width=\"77\"><\/td>\n<td valign=\"top\" width=\"137\">\n<p align=\"center\">biblioteka<\/p>\n<\/td>\n<td valign=\"top\" width=\"483\">Jaros\u0142aw Jakusz \u2013 historia<\/p>\n<p>Maria Sobisz &#8211; religia, S\u0142awomir Wierzejski \u2013 religia<\/p>\n<p>Dominik Fiszka-Borzyszkowski &#8211; religia<\/td>\n<\/tr>\n<tr>\n<td valign=\"top\" width=\"77\"><\/td>\n<td valign=\"top\" width=\"137\">\n<p align=\"center\">Pok\u00f3j<\/p>\n<p align=\"center\">Nauczycielski<\/p>\n<\/td>\n<td valign=\"top\" width=\"483\">Magdalena \u015awistak \u2013 j.niemiecki<\/p>\n<p>Alicja Breske, Aneta Czuba \u2013 nauczyciel wspieraj\u0105cy<\/p>\n<p>Justyna Treder \u2013 nauczyciel wspieraj\u0105cy , technika<\/p>\n<p>Robert Rogalski \u2013 technika, wiedza o spo\u0142ecze\u0144stwie<\/td>\n<\/tr>\n<tr>\n<td valign=\"top\" width=\"77\"><\/td>\n<td valign=\"top\" width=\"137\">\n<p align=\"center\">\u015awietlica<\/p>\n<\/td>\n<td valign=\"top\" width=\"483\">Magdalena Czerwonka \u2013 muzyka<\/p>\n<p>Ma\u0142gorzata Osowska \u2013 plastyka, technika<\/td>\n<\/tr>\n<tr>\n<td colspan=\"2\" valign=\"top\" width=\"214\">\n<p align=\"center\">Pok\u00f3j nauczycieli wf przy sali gimnastycznej<\/p>\n<\/td>\n<td valign=\"top\" width=\"483\">Cezary Ko\u0142akowski \u2013 wychowanie fizyczne<\/td>\n<\/tr>\n<tr>\n<td valign=\"top\" width=\"77\"><\/td>\n<td valign=\"top\" width=\"137\">\n<p align=\"center\">sekretariat<\/p>\n<\/td>\n<td valign=\"top\" width=\"483\">Marek Radtke \u2013wicedyrektor, wychowanie fizyczne<\/td>\n<\/tr>\n<\/tbody>\n<\/table>\n<p>&nbsp;<\/p>\n<p>&nbsp;<\/p>\n","protected":false},"excerpt":{"rendered":"<p>Przydzia\u0142\u00a0 sal dla wychowawc\u00f3w\u00a0 klas IV-VIII na spotkania z rodzicami w dniu 09.02.2023r. &#8211; spotkanie\u00a0wychowawc\u00f3w z rodzicami w godzinach 17.00 -17.30 &#8211; nauczyciele przedmiotowi i wychowawcy s\u0105 dost\u0119pni dla rodzic\u00f3w w godzinach 17.30 -18.30 w wyznaczonych salach &nbsp; klasa \u00a0\u00a0\u00a0\u00a0\u00a0\u00a0\u00a0\u00a0\u00a0\u00a0 sala wychowawca 4a 3 Marzena Romanko \u2013 j.angielski 4b 5 Katarzyna Chrzan &#8211; matematyka 4c [&hellip;]<\/p>\n","protected":false},"author":4,"featured_media":13365,"comment_status":"closed","ping_status":"closed","sticky":false,"template":"","format":"standard","meta":{"ngg_post_thumbnail":0,"footnotes":""},"categories":[3],"tags":[],"class_list":["post-13367","post","type-post","status-publish","format-standard","has-post-thumbnail","hentry","category-aktualnosci"],"_links":{"self":[{"href":"https:\/\/sp2bytow.pl\/index.php?rest_route=\/wp\/v2\/posts\/13367","targetHints":{"allow":["GET"]}}],"collection":[{"href":"https:\/\/sp2bytow.pl\/index.php?rest_route=\/wp\/v2\/posts"}],"about":[{"href":"https:\/\/sp2bytow.pl\/index.php?rest_route=\/wp\/v2\/types\/post"}],"author":[{"embeddable":true,"href":"https:\/\/sp2bytow.pl\/index.php?rest_route=\/wp\/v2\/users\/4"}],"replies":[{"embeddable":true,"href":"https:\/\/sp2bytow.pl\/index.php?rest_route=%2Fwp%2Fv2%2Fcomments&post=13367"}],"version-history":[{"count":2,"href":"https:\/\/sp2bytow.pl\/index.php?rest_route=\/wp\/v2\/posts\/13367\/revisions"}],"predecessor-version":[{"id":13369,"href":"https:\/\/sp2bytow.pl\/index.php?rest_route=\/wp\/v2\/posts\/13367\/revisions\/13369"}],"wp:featuredmedia":[{"embeddable":true,"href":"https:\/\/sp2bytow.pl\/index.php?rest_route=\/wp\/v2\/media\/13365"}],"wp:attachment":[{"href":"https:\/\/sp2bytow.pl\/index.php?rest_route=%2Fwp%2Fv2%2Fmedia&parent=13367"}],"wp:term":[{"taxonomy":"category","embeddable":true,"href":"https:\/\/sp2bytow.pl\/index.php?rest_route=%2Fwp%2Fv2%2Fcategories&post=13367"},{"taxonomy":"post_tag","embeddable":true,"href":"https:\/\/sp2bytow.pl\/index.php?rest_route=%2Fwp%2Fv2%2Ftags&post=13367"}],"curies":[{"name":"wp","href":"https:\/\/api.w.org\/{rel}","templated":true}]}}