{"id":13361,"date":"2023-02-06T07:06:33","date_gmt":"2023-02-06T07:06:33","guid":{"rendered":"http:\/\/sp2bytow.home.pl\/autoinstalator\/wordpress\/?p=13361"},"modified":"2023-02-06T07:06:33","modified_gmt":"2023-02-06T07:06:33","slug":"dzien-swietego-walentego","status":"publish","type":"post","link":"https:\/\/sp2bytow.pl\/?p=13361","title":{"rendered":"Dzie\u0144 \u015awi\u0119tego Walentego"},"content":{"rendered":"<p><span style=\"font-family: calibri, calibri_embeddedfont, calibri_msfontservice, sans-serif;\">Kochani, chcemy zadba\u0107 o swoje dobre samopoczucie i relacje w \u015bwietlicy i u\u015bwietni\u0107 Dzie\u0144 \u015awi\u0119tego Walentego wr\u0119czaniem kartek walentynkowych.\u00a0Oficjalnie og\u0142aszamy, \u017ce startuje \u015awietlicowa Poczta Walentynkowa dla klas I-III.<\/span><\/p>\n<p><span style=\"font-family: calibri, calibri_embeddedfont, calibri_msfontservice, sans-serif;\">Ju\u017c dzi\u015b zacznijcie przygotowywa\u0107 kartki.\u00a0<\/span><\/p>\n<div><span style=\"font-family: calibri, calibri_embeddedfont, calibri_msfontservice, sans-serif;\">\u00a0<\/span><span style=\"font-family: calibri, calibri_embeddedfont, calibri_msfontservice, sans-serif;\">Od \u015brody (01.02.) w \u015bwietlicy szkolnej b\u0119dzie sta\u0142o pude\u0142ko, do kt\u00f3rego mo\u017cna b\u0119dzie do poniedzia\u0142ku (13.02.) w\u0142\u0105cznie wrzuca\u0107 mi\u0142e s\u0142owa dla drugiej osoby. Kartki musz\u0105 by\u0107 w\u0142o\u017cone do zaklejonych kopert i wyra\u017anie zaadresowane w nast\u0119puj\u0105cy spos\u00f3b: imi\u0119, nazwisko i klasa osoby, do kt\u00f3rej piszecie.<\/span><\/div>\n<div><span style=\"font-family: calibri, calibri_embeddedfont, calibri_msfontservice, sans-serif;\">\u00a0<\/span><span style=\"font-family: calibri, calibri_embeddedfont, calibri_msfontservice, sans-serif;\">Prosimy, aby kartki by\u0142y niezwyk\u0142e, a wyznania szczere i nietuzinkowe. By to nie by\u0142y tylko kartki dla zakochanych;) ale by\u015bcie pisali do siebie od serca to, kogo i czego Wam brakuje przez to, \u017ce nauka czasami wygl\u0105da inaczej. Tak\u0105 kartk\u0105 mo\u017cecie sprawi\u0107 komu\u015b ogromn\u0105 rado\u015b\u0107 i wywo\u0142a\u0107 mocniejsze bicie serca.\u00a0<\/span><\/div>\n<div><span style=\"font-family: calibri, calibri_embeddedfont, calibri_msfontservice, sans-serif;\">\u00a0<\/span><span style=\"font-family: calibri, calibri_embeddedfont, calibri_msfontservice, sans-serif;\">PS. Pami\u0119tajcie, \u017ce kartki mog\u0105 by\u0107 wykonane w\u0142asnor\u0119cznie, b\u0105d\u017a kupione lub mog\u0105 to by\u0107 tylko zapisane s\u0142owa. Obowi\u0105zuje pe\u0142na kultura s\u0142owna.<\/span><\/div>\n<div><span style=\"font-family: calibri, calibri_embeddedfont, calibri_msfontservice, sans-serif;\">\u00a0<\/span><\/div>\n<div><span style=\"font-family: calibri, calibri_embeddedfont, calibri_msfontservice, sans-serif;\">Panie ze \u015bwietlicy szkolnej.<\/span><\/div>\n<div><\/div>\n<div><a href=\"https:\/\/sp2bytow.pl\/wp-content\/uploads\/2023\/02\/poczta-800x445.png\"><img loading=\"lazy\" decoding=\"async\" class=\"alignleft size-thumbnail wp-image-13362\" alt=\"poczta-800x445\" src=\"https:\/\/sp2bytow.pl\/wp-content\/uploads\/2023\/02\/poczta-800x445-150x150.png\" width=\"150\" height=\"150\" \/><\/a><\/div>\n<div><\/div>\n<div><\/div>\n","protected":false},"excerpt":{"rendered":"<p>Kochani, chcemy zadba\u0107 o swoje dobre samopoczucie i relacje w \u015bwietlicy i u\u015bwietni\u0107 Dzie\u0144 \u015awi\u0119tego Walentego wr\u0119czaniem kartek walentynkowych.\u00a0Oficjalnie og\u0142aszamy, \u017ce startuje \u015awietlicowa Poczta Walentynkowa dla klas I-III. Ju\u017c dzi\u015b zacznijcie przygotowywa\u0107 kartki.\u00a0 \u00a0Od \u015brody (01.02.) w \u015bwietlicy szkolnej b\u0119dzie sta\u0142o pude\u0142ko, do kt\u00f3rego mo\u017cna b\u0119dzie do poniedzia\u0142ku (13.02.) w\u0142\u0105cznie wrzuca\u0107 mi\u0142e s\u0142owa dla drugiej [&hellip;]<\/p>\n","protected":false},"author":4,"featured_media":13362,"comment_status":"closed","ping_status":"closed","sticky":false,"template":"","format":"standard","meta":{"ngg_post_thumbnail":0,"footnotes":""},"categories":[3,9],"tags":[],"class_list":["post-13361","post","type-post","status-publish","format-standard","has-post-thumbnail","hentry","category-aktualnosci","category-swietlica"],"_links":{"self":[{"href":"https:\/\/sp2bytow.pl\/index.php?rest_route=\/wp\/v2\/posts\/13361","targetHints":{"allow":["GET"]}}],"collection":[{"href":"https:\/\/sp2bytow.pl\/index.php?rest_route=\/wp\/v2\/posts"}],"about":[{"href":"https:\/\/sp2bytow.pl\/index.php?rest_route=\/wp\/v2\/types\/post"}],"author":[{"embeddable":true,"href":"https:\/\/sp2bytow.pl\/index.php?rest_route=\/wp\/v2\/users\/4"}],"replies":[{"embeddable":true,"href":"https:\/\/sp2bytow.pl\/index.php?rest_route=%2Fwp%2Fv2%2Fcomments&post=13361"}],"version-history":[{"count":1,"href":"https:\/\/sp2bytow.pl\/index.php?rest_route=\/wp\/v2\/posts\/13361\/revisions"}],"predecessor-version":[{"id":13363,"href":"https:\/\/sp2bytow.pl\/index.php?rest_route=\/wp\/v2\/posts\/13361\/revisions\/13363"}],"wp:featuredmedia":[{"embeddable":true,"href":"https:\/\/sp2bytow.pl\/index.php?rest_route=\/wp\/v2\/media\/13362"}],"wp:attachment":[{"href":"https:\/\/sp2bytow.pl\/index.php?rest_route=%2Fwp%2Fv2%2Fmedia&parent=13361"}],"wp:term":[{"taxonomy":"category","embeddable":true,"href":"https:\/\/sp2bytow.pl\/index.php?rest_route=%2Fwp%2Fv2%2Fcategories&post=13361"},{"taxonomy":"post_tag","embeddable":true,"href":"https:\/\/sp2bytow.pl\/index.php?rest_route=%2Fwp%2Fv2%2Ftags&post=13361"}],"curies":[{"name":"wp","href":"https:\/\/api.w.org\/{rel}","templated":true}]}}