{"id":13041,"date":"2022-11-04T06:43:26","date_gmt":"2022-11-04T06:43:26","guid":{"rendered":"http:\/\/sp2bytow.home.pl\/autoinstalator\/wordpress\/?p=13041"},"modified":"2022-11-04T06:43:26","modified_gmt":"2022-11-04T06:43:26","slug":"krajowy-turniej-juniora-mlodszego-i-mlodzika-mlodszego-solec-kujawski","status":"publish","type":"post","link":"https:\/\/sp2bytow.pl\/?p=13041","title":{"rendered":"Krajowy Turniej Juniora M\u0142odszego i M\u0142odzika M\u0142odszego Solec Kujawski"},"content":{"rendered":"<div>\n<div dir=\"auto\">Krajowy Turniej Juniora M\u0142odszego i M\u0142odzika M\u0142odszego Solec Kujawski<\/div>\n<\/div>\n<div>\n<div dir=\"auto\">W sobot\u0119 29.10.2022 do Solca wybra\u0142o si\u0119 trzech zawodnik\u00f3w: Michalina Kurkowska, Szymon Sylka i Micha\u0142 \u015alepy.<\/div>\n<\/div>\n<div>\n<div dir=\"auto\">Wywalczyli nast\u0119puj\u0105ce miejsca:<\/div>\n<\/div>\n<div>\n<div dir=\"auto\">MICHALINA <img loading=\"lazy\" decoding=\"async\" alt=\"\u27a1\ufe0f\" src=\"https:\/\/ci6.googleusercontent.com\/proxy\/PnCPIyq-mdeuwrzKoRwjWQ2F7VheWjLx3KvxVGGXgfw6U3c_tFi7Hde3sW6hcnj5GHTCSTh3M2UfWSIzyPZG7fuTPz4KTY4ujRrEkFALjdeIKexnL1o=s0-d-e1-ft#https:\/\/static.xx.fbcdn.net\/images\/emoji.php\/v9\/t25\/1.5\/16\/27a1.png\" width=\"16\" height=\"16\" data-bit=\"iit\" \/>2 miejsce w singlu i 1 miejsce w deblu w parze z Ameli\u0105 Zielinsk\u0105 <img loading=\"lazy\" decoding=\"async\" alt=\"\" src=\"https:\/\/ci5.googleusercontent.com\/proxy\/zb5mlqk5qmcwlbwuWFZATywRwg7WNTRHOIG-7WfI2uCOPIvj8KbhRAHb_lsq1a3-2MRMDlyhllMaZVtUjfUWYOPFMpGNHSUHOyxqwrWEbe8_efJny2KK=s0-d-e1-ft#https:\/\/static.xx.fbcdn.net\/images\/emoji.php\/v9\/t6e\/1.5\/16\/1f948.png\" width=\"16\" height=\"16\" data-bit=\"iit\" \/><img loading=\"lazy\" decoding=\"async\" alt=\"\" src=\"https:\/\/ci6.googleusercontent.com\/proxy\/PP44UyV6uVgYB6epMkm16wvIYtqxhd0UwLIyhz1GoIa70SxYUgW03m4KlshXAKfJQ1JDhagntw0a7ruOkP30mtgF6DrxUZ0A3TzJYzZZ6vvg3wUbLWFW=s0-d-e1-ft#https:\/\/static.xx.fbcdn.net\/images\/emoji.php\/v9\/ted\/1.5\/16\/1f947.png\" width=\"16\" height=\"16\" data-bit=\"iit\" \/><img loading=\"lazy\" decoding=\"async\" alt=\"\" src=\"https:\/\/ci4.googleusercontent.com\/proxy\/RUyHoiPH9-HesPOyM2z5iSho0c4c9_y9oZ06JVX1LiEs948eOULuZWaR2w7ngF3toZGvbR5VT0AXP6RpijiZxgmAROuKZvea9AJUSW_f7Y1TWtIXsUlX=s0-d-e1-ft#https:\/\/static.xx.fbcdn.net\/images\/emoji.php\/v9\/t17\/1.5\/16\/1f3c6.png\" width=\"16\" height=\"16\" data-bit=\"iit\" \/><\/div>\n<\/div>\n<div>\n<div dir=\"auto\">SZYMON <img loading=\"lazy\" decoding=\"async\" alt=\"\u27a1\ufe0f\" src=\"https:\/\/ci6.googleusercontent.com\/proxy\/PnCPIyq-mdeuwrzKoRwjWQ2F7VheWjLx3KvxVGGXgfw6U3c_tFi7Hde3sW6hcnj5GHTCSTh3M2UfWSIzyPZG7fuTPz4KTY4ujRrEkFALjdeIKexnL1o=s0-d-e1-ft#https:\/\/static.xx.fbcdn.net\/images\/emoji.php\/v9\/t25\/1.5\/16\/27a1.png\" width=\"16\" height=\"16\" data-bit=\"iit\" \/> 5-8 w singlu i 3-4 miejsce w deblu w parze z Antonim Pohl z UKS Baranowo<img loading=\"lazy\" decoding=\"async\" alt=\"\" src=\"https:\/\/ci3.googleusercontent.com\/proxy\/UVJ0CC-XVN66PPqQPhKU6Dt47Ou2P9F_PwJQm4dRCMzEUGYN6ogPANc2oL27SFiPc7R6f40c8_bkkjEmZKySxwk27_4oGrLhnvwy9NgNUSrkQYRyeGRB=s0-d-e1-ft#https:\/\/static.xx.fbcdn.net\/images\/emoji.php\/v9\/tef\/1.5\/16\/1f949.png\" width=\"16\" height=\"16\" data-bit=\"iit\" \/><img loading=\"lazy\" decoding=\"async\" alt=\"\" src=\"https:\/\/ci4.googleusercontent.com\/proxy\/RUyHoiPH9-HesPOyM2z5iSho0c4c9_y9oZ06JVX1LiEs948eOULuZWaR2w7ngF3toZGvbR5VT0AXP6RpijiZxgmAROuKZvea9AJUSW_f7Y1TWtIXsUlX=s0-d-e1-ft#https:\/\/static.xx.fbcdn.net\/images\/emoji.php\/v9\/t17\/1.5\/16\/1f3c6.png\" width=\"16\" height=\"16\" data-bit=\"iit\" \/><\/div>\n<\/div>\n<div>\n<div dir=\"auto\">MICHA\u0141 <img loading=\"lazy\" decoding=\"async\" alt=\"\u27a1\ufe0f\" src=\"https:\/\/ci6.googleusercontent.com\/proxy\/PnCPIyq-mdeuwrzKoRwjWQ2F7VheWjLx3KvxVGGXgfw6U3c_tFi7Hde3sW6hcnj5GHTCSTh3M2UfWSIzyPZG7fuTPz4KTY4ujRrEkFALjdeIKexnL1o=s0-d-e1-ft#https:\/\/static.xx.fbcdn.net\/images\/emoji.php\/v9\/t25\/1.5\/16\/27a1.png\" width=\"16\" height=\"16\" data-bit=\"iit\" \/> 15-21 miejsce w singlu i 5-6 W deblu w parze z Julian Krukowski z JKB BadKurp Stegna <img loading=\"lazy\" decoding=\"async\" alt=\"\" src=\"https:\/\/ci5.googleusercontent.com\/proxy\/9QWER0gc-0-61-a2wno9sMsa_39DK9EfhjRTZ88idV3ndmm02lBbQLcmenYASsEl9dpGSseXKcwRc-c0oKOIIyhiNlvz_aaPaWVd_lxk0drdxddGWuyZ=s0-d-e1-ft#https:\/\/static.xx.fbcdn.net\/images\/emoji.php\/v9\/t57\/1.5\/16\/1f44f.png\" width=\"16\" height=\"16\" data-bit=\"iit\" \/><\/div>\n<\/div>\n<div>\n<div dir=\"auto\">\n<div role=\"button\"><\/div>\n<div role=\"button\">Gratulacje<\/div>\n<div role=\"button\"><\/div>\n<div role=\"button\"><a href=\"https:\/\/sp2bytow.pl\/wp-content\/uploads\/2022\/11\/312568914_5195933190510843_6087027434393367075_n.jpg\"><img loading=\"lazy\" decoding=\"async\" class=\"alignleft size-thumbnail wp-image-13042\" alt=\"312568914_5195933190510843_6087027434393367075_n\" src=\"https:\/\/sp2bytow.pl\/wp-content\/uploads\/2022\/11\/312568914_5195933190510843_6087027434393367075_n-150x150.jpg\" width=\"150\" height=\"150\" \/><\/a> <a href=\"https:\/\/sp2bytow.pl\/wp-content\/uploads\/2022\/11\/313927477_5195932910510871_2797669746711032948_n.jpg\"><img loading=\"lazy\" decoding=\"async\" class=\"alignleft size-thumbnail wp-image-13043\" alt=\"313927477_5195932910510871_2797669746711032948_n\" src=\"https:\/\/sp2bytow.pl\/wp-content\/uploads\/2022\/11\/313927477_5195932910510871_2797669746711032948_n-150x150.jpg\" width=\"150\" height=\"150\" \/><\/a> <a href=\"https:\/\/sp2bytow.pl\/wp-content\/uploads\/2022\/11\/312956620_5195933633844132_4563318277996116609_n.jpg\"><img loading=\"lazy\" decoding=\"async\" class=\"alignleft size-thumbnail wp-image-13044\" alt=\"312956620_5195933633844132_4563318277996116609_n\" src=\"https:\/\/sp2bytow.pl\/wp-content\/uploads\/2022\/11\/312956620_5195933633844132_4563318277996116609_n-150x150.jpg\" width=\"150\" height=\"150\" \/><\/a> <a href=\"https:\/\/sp2bytow.pl\/wp-content\/uploads\/2022\/11\/313070108_5195933770510785_4817004777175132331_n.jpg\"><img loading=\"lazy\" decoding=\"async\" class=\"alignleft size-thumbnail wp-image-13045\" alt=\"313070108_5195933770510785_4817004777175132331_n\" src=\"https:\/\/sp2bytow.pl\/wp-content\/uploads\/2022\/11\/313070108_5195933770510785_4817004777175132331_n-150x150.jpg\" width=\"150\" height=\"150\" \/><\/a><\/div>\n<\/div>\n<\/div>\n","protected":false},"excerpt":{"rendered":"<p>Krajowy Turniej Juniora M\u0142odszego i M\u0142odzika M\u0142odszego Solec Kujawski W sobot\u0119 29.10.2022 do Solca wybra\u0142o si\u0119 trzech zawodnik\u00f3w: Michalina Kurkowska, Szymon Sylka i Micha\u0142 \u015alepy. Wywalczyli nast\u0119puj\u0105ce miejsca: MICHALINA 2 miejsce w singlu i 1 miejsce w deblu w parze z Ameli\u0105 Zielinsk\u0105 SZYMON 5-8 w singlu i 3-4 miejsce w deblu w parze z [&hellip;]<\/p>\n","protected":false},"author":4,"featured_media":13043,"comment_status":"closed","ping_status":"closed","sticky":false,"template":"","format":"standard","meta":{"footnotes":""},"categories":[3,6],"tags":[],"class_list":["post-13041","post","type-post","status-publish","format-standard","has-post-thumbnail","hentry","category-aktualnosci","category-sport"],"_links":{"self":[{"href":"https:\/\/sp2bytow.pl\/index.php?rest_route=\/wp\/v2\/posts\/13041","targetHints":{"allow":["GET"]}}],"collection":[{"href":"https:\/\/sp2bytow.pl\/index.php?rest_route=\/wp\/v2\/posts"}],"about":[{"href":"https:\/\/sp2bytow.pl\/index.php?rest_route=\/wp\/v2\/types\/post"}],"author":[{"embeddable":true,"href":"https:\/\/sp2bytow.pl\/index.php?rest_route=\/wp\/v2\/users\/4"}],"replies":[{"embeddable":true,"href":"https:\/\/sp2bytow.pl\/index.php?rest_route=%2Fwp%2Fv2%2Fcomments&post=13041"}],"version-history":[{"count":1,"href":"https:\/\/sp2bytow.pl\/index.php?rest_route=\/wp\/v2\/posts\/13041\/revisions"}],"predecessor-version":[{"id":13046,"href":"https:\/\/sp2bytow.pl\/index.php?rest_route=\/wp\/v2\/posts\/13041\/revisions\/13046"}],"wp:featuredmedia":[{"embeddable":true,"href":"https:\/\/sp2bytow.pl\/index.php?rest_route=\/wp\/v2\/media\/13043"}],"wp:attachment":[{"href":"https:\/\/sp2bytow.pl\/index.php?rest_route=%2Fwp%2Fv2%2Fmedia&parent=13041"}],"wp:term":[{"taxonomy":"category","embeddable":true,"href":"https:\/\/sp2bytow.pl\/index.php?rest_route=%2Fwp%2Fv2%2Fcategories&post=13041"},{"taxonomy":"post_tag","embeddable":true,"href":"https:\/\/sp2bytow.pl\/index.php?rest_route=%2Fwp%2Fv2%2Ftags&post=13041"}],"curies":[{"name":"wp","href":"https:\/\/api.w.org\/{rel}","templated":true}]}}