{"id":12569,"date":"2022-08-26T11:19:10","date_gmt":"2022-08-26T11:19:10","guid":{"rendered":"http:\/\/sp2bytow.home.pl\/autoinstalator\/wordpress\/?p=12569"},"modified":"2022-08-29T11:49:03","modified_gmt":"2022-08-29T11:49:03","slug":"rozpoczecie-roku-szkolnego-20222023-2","status":"publish","type":"post","link":"https:\/\/sp2bytow.pl\/?p=12569","title":{"rendered":"ROZPOCZ\u0118CIE ROKU SZKOLNEGO 2022\/2023"},"content":{"rendered":"<p>W dniu\u00a0<strong>01.09.2022r.\u00a0<\/strong>odb\u0119dzie si\u0119 rozpocz\u0119cie roku szkolnego.<\/p>\n<p>Uczniowie spotykaj\u0105 si\u0119\u00a0 z wychowawcami w salach lekcyjnych\u00a0 w nast\u0119puj\u0105cych godzinach:<\/p>\n<p><strong>\u00a0<\/strong><strong>&#8211; 8.30: uczniowie klas 1-3<\/strong><\/p>\n<p><strong>&#8211; 9.30: uczniowie klas 4-8<\/strong><\/p>\n<p>Przydzia\u0142 sal na rozpocz\u0119cie roku szkolnego 2022\/2023<\/p>\n<table border=\"1\" cellspacing=\"0\" cellpadding=\"0\" align=\"left\">\n<tbody>\n<tr>\n<td colspan=\"3\" valign=\"top\" width=\"480\">\n<p align=\"center\"><b>KLASY 1-3 GODZ. 8:30<\/b><\/p>\n<\/td>\n<\/tr>\n<tr>\n<td valign=\"top\" width=\"77\"><strong>Klasa<\/strong><\/td>\n<td valign=\"top\" width=\"72\"><strong>Sala<\/strong><\/td>\n<td valign=\"top\" width=\"331\"><strong>Wychowawca<\/strong><\/td>\n<\/tr>\n<tr>\n<td valign=\"top\" width=\"77\">\n<p align=\"center\"><strong>1a<\/strong><\/p>\n<\/td>\n<td valign=\"top\" width=\"72\">\n<p align=\"center\">17<\/p>\n<\/td>\n<td valign=\"top\" width=\"331\">Rogowska-Szach Marzena<\/td>\n<\/tr>\n<tr>\n<td valign=\"top\" width=\"77\">\n<p align=\"center\"><strong>1b<\/strong><\/p>\n<\/td>\n<td valign=\"top\" width=\"72\">\n<p align=\"center\">26<\/p>\n<\/td>\n<td valign=\"top\" width=\"331\">Dzienniak Aldona<\/td>\n<\/tr>\n<tr>\n<td valign=\"top\" width=\"77\">\n<p align=\"center\"><strong>1c<\/strong><\/p>\n<\/td>\n<td valign=\"top\" width=\"72\">\n<p align=\"center\">11<\/p>\n<\/td>\n<td valign=\"top\" width=\"331\">Hryndzio Irena<\/td>\n<\/tr>\n<tr>\n<td valign=\"top\" width=\"77\">\n<p align=\"center\"><strong>1d<\/strong><\/p>\n<\/td>\n<td valign=\"top\" width=\"72\">\n<p align=\"center\">9<\/p>\n<\/td>\n<td valign=\"top\" width=\"331\">Myszka Ewa<\/td>\n<\/tr>\n<tr>\n<td valign=\"top\" width=\"77\"><\/td>\n<td valign=\"top\" width=\"72\"><\/td>\n<td valign=\"top\" width=\"331\"><\/td>\n<\/tr>\n<tr>\n<td valign=\"top\" width=\"77\">\n<p align=\"center\"><strong>2a<\/strong><\/p>\n<\/td>\n<td valign=\"top\" width=\"72\">\n<p align=\"center\">14<\/p>\n<\/td>\n<td valign=\"top\" width=\"331\">Pepli\u0144ska Marzena<\/td>\n<\/tr>\n<tr>\n<td valign=\"top\" width=\"77\">\n<p align=\"center\"><strong>2b<\/strong><\/p>\n<\/td>\n<td valign=\"top\" width=\"72\">\n<p align=\"center\">21<\/p>\n<\/td>\n<td valign=\"top\" width=\"331\">Gliniecka Teresa<\/td>\n<\/tr>\n<tr>\n<td valign=\"top\" width=\"77\">\n<p align=\"center\"><strong>2c<\/strong><\/p>\n<\/td>\n<td valign=\"top\" width=\"72\">\n<p align=\"center\">23<\/p>\n<\/td>\n<td valign=\"top\" width=\"331\">Stolc Beata<\/td>\n<\/tr>\n<tr>\n<td valign=\"top\" width=\"77\">\n<p align=\"center\"><strong>2d<\/strong><\/p>\n<\/td>\n<td valign=\"top\" width=\"72\">\n<p align=\"center\">12<\/p>\n<\/td>\n<td valign=\"top\" width=\"331\">Sobczak Urszula<\/td>\n<\/tr>\n<tr>\n<td valign=\"top\" width=\"77\"><\/td>\n<td valign=\"top\" width=\"72\"><\/td>\n<td valign=\"top\" width=\"331\"><\/td>\n<\/tr>\n<tr>\n<td valign=\"top\" width=\"77\">\n<p align=\"center\"><strong>3a<\/strong><\/p>\n<\/td>\n<td valign=\"top\" width=\"72\">\n<p align=\"center\">5<\/p>\n<\/td>\n<td valign=\"top\" width=\"331\">Tempska Renata<\/td>\n<\/tr>\n<tr>\n<td valign=\"top\" width=\"77\">\n<p align=\"center\"><strong>3b<\/strong><\/p>\n<\/td>\n<td valign=\"top\" width=\"72\">\n<p align=\"center\">24<\/p>\n<\/td>\n<td valign=\"top\" width=\"331\">Roda Maria<\/td>\n<\/tr>\n<tr>\n<td valign=\"top\" width=\"77\">\n<p align=\"center\"><strong>3c<\/strong><\/p>\n<\/td>\n<td valign=\"top\" width=\"72\">\n<p align=\"center\">3<\/p>\n<\/td>\n<td valign=\"top\" width=\"331\">Franciszkiewicz Katarzyna<\/td>\n<\/tr>\n<tr>\n<td valign=\"top\" width=\"77\">\n<p align=\"center\"><strong>3d<\/strong><\/p>\n<\/td>\n<td valign=\"top\" width=\"72\">\n<p align=\"center\">15<\/p>\n<\/td>\n<td valign=\"top\" width=\"331\">Strojk Katarzyna<\/td>\n<\/tr>\n<tr>\n<td colspan=\"3\" valign=\"top\" width=\"480\">\n<p align=\"center\"><b>KLASY 4-8 GODZ. 9:30<\/b><\/p>\n<\/td>\n<\/tr>\n<tr>\n<td valign=\"top\" width=\"77\">\n<p align=\"center\"><strong>4 a<\/strong><\/p>\n<\/td>\n<td valign=\"top\" width=\"72\">\n<p align=\"center\">3<\/p>\n<\/td>\n<td valign=\"top\" width=\"331\">Romanko Marzena<\/td>\n<\/tr>\n<tr>\n<td valign=\"top\" width=\"77\">\n<p align=\"center\"><strong>4 b<\/strong><\/p>\n<\/td>\n<td valign=\"top\" width=\"72\">\n<p align=\"center\">5<\/p>\n<\/td>\n<td valign=\"top\" width=\"331\">Chrzan Katarzyna<\/td>\n<\/tr>\n<tr>\n<td valign=\"top\" width=\"77\">\n<p align=\"center\"><strong>4 c<\/strong><\/p>\n<\/td>\n<td valign=\"top\" width=\"72\">\n<p align=\"center\">15<\/p>\n<\/td>\n<td valign=\"top\" width=\"331\">Domaszk Iwona<\/td>\n<\/tr>\n<tr>\n<td valign=\"top\" width=\"77\">\n<p align=\"center\"><strong>4d<\/strong><\/p>\n<\/td>\n<td valign=\"top\" width=\"72\">\n<p align=\"center\">14<\/p>\n<\/td>\n<td valign=\"top\" width=\"331\">Maikowski Ewa<\/td>\n<\/tr>\n<tr>\n<td valign=\"top\" width=\"77\"><\/td>\n<td valign=\"top\" width=\"72\"><\/td>\n<td valign=\"top\" width=\"331\"><\/td>\n<\/tr>\n<tr>\n<td valign=\"top\" width=\"77\">\n<p align=\"center\"><strong>5 a<\/strong><\/p>\n<\/td>\n<td valign=\"top\" width=\"72\">\n<p align=\"center\">49<\/p>\n<\/td>\n<td valign=\"top\" width=\"331\">Parol Aurelia<\/td>\n<\/tr>\n<tr>\n<td valign=\"top\" width=\"77\">\n<p align=\"center\"><strong>5 b<\/strong><\/p>\n<\/td>\n<td valign=\"top\" width=\"72\">\n<p align=\"center\">37<\/p>\n<\/td>\n<td valign=\"top\" width=\"331\">Reschke Miros\u0142aw<\/td>\n<\/tr>\n<tr>\n<td valign=\"top\" width=\"77\">\n<p align=\"center\"><strong>5 c<\/strong><\/p>\n<\/td>\n<td valign=\"top\" width=\"72\">\n<p align=\"center\">32<\/p>\n<\/td>\n<td valign=\"top\" width=\"331\">Chmielewska Barbara<\/td>\n<\/tr>\n<tr>\n<td valign=\"top\" width=\"77\">\n<p align=\"center\"><strong>5 d<\/strong><\/p>\n<\/td>\n<td valign=\"top\" width=\"72\">\n<p align=\"center\">1<\/p>\n<\/td>\n<td valign=\"top\" width=\"331\">Szysz\u0142o Ewelina<\/td>\n<\/tr>\n<tr>\n<td valign=\"top\" width=\"77\"><\/td>\n<td valign=\"top\" width=\"72\"><\/td>\n<td valign=\"top\" width=\"331\"><\/td>\n<\/tr>\n<tr>\n<td valign=\"top\" width=\"77\">\n<p align=\"center\"><strong>6 a<\/strong><\/p>\n<\/td>\n<td valign=\"top\" width=\"72\">\n<p align=\"center\">23<\/p>\n<\/td>\n<td valign=\"top\" width=\"331\">Brucki Sebastian<\/td>\n<\/tr>\n<tr>\n<td valign=\"top\" width=\"77\">\n<p align=\"center\"><strong>6 b<\/strong><\/p>\n<\/td>\n<td valign=\"top\" width=\"72\">\n<p align=\"center\">24<\/p>\n<\/td>\n<td valign=\"top\" width=\"331\">Aurang Ma\u0142gorzata<\/td>\n<\/tr>\n<tr>\n<td valign=\"top\" width=\"77\">\n<p align=\"center\"><strong>6 c<\/strong><\/p>\n<\/td>\n<td valign=\"top\" width=\"72\">\n<p align=\"center\">70<\/p>\n<\/td>\n<td valign=\"top\" width=\"331\">Brucka Lucyna<\/td>\n<\/tr>\n<tr>\n<td valign=\"top\" width=\"77\">\n<p align=\"center\"><strong>6 d<\/strong><\/p>\n<\/td>\n<td valign=\"top\" width=\"72\">\n<p align=\"center\">60<\/p>\n<\/td>\n<td valign=\"top\" width=\"331\">Gliszczy\u0144ska-W\u0119sierska Krystyna<\/td>\n<\/tr>\n<tr>\n<td valign=\"top\" width=\"77\"><\/td>\n<td valign=\"top\" width=\"72\"><\/td>\n<td valign=\"top\" width=\"331\"><\/td>\n<\/tr>\n<tr>\n<td valign=\"top\" width=\"77\">\n<p align=\"center\"><strong>7a<\/strong><\/p>\n<\/td>\n<td valign=\"top\" width=\"72\">\n<p align=\"center\">46<\/p>\n<\/td>\n<td valign=\"top\" width=\"331\">Smorawska Renata<\/td>\n<\/tr>\n<tr>\n<td valign=\"top\" width=\"77\">\n<p align=\"center\"><strong>7b<\/strong><\/p>\n<\/td>\n<td valign=\"top\" width=\"72\">\n<p align=\"center\">26<\/p>\n<\/td>\n<td valign=\"top\" width=\"331\">Troja\u0144ska Ma\u0142gorzata<\/td>\n<\/tr>\n<tr>\n<td valign=\"top\" width=\"77\">\n<p align=\"center\"><strong>7c<\/strong><\/p>\n<\/td>\n<td valign=\"top\" width=\"72\">\n<p align=\"center\">45<\/p>\n<\/td>\n<td valign=\"top\" width=\"331\">\u017bmuda-Trzebiatowska Bogumi\u0142a<\/td>\n<\/tr>\n<tr>\n<td valign=\"top\" width=\"77\"><\/td>\n<td valign=\"top\" width=\"72\"><\/td>\n<td valign=\"top\" width=\"331\"><\/td>\n<\/tr>\n<tr>\n<td valign=\"top\" width=\"77\">\n<p align=\"center\"><strong>8a<\/strong><\/p>\n<\/td>\n<td valign=\"top\" width=\"72\">\n<p align=\"center\">21<\/p>\n<\/td>\n<td valign=\"top\" width=\"331\">Miche\u0144ko-Fabiszewska Magdalena<\/td>\n<\/tr>\n<tr>\n<td valign=\"top\" width=\"77\">\n<p align=\"center\"><strong>8b<\/strong><\/p>\n<\/td>\n<td valign=\"top\" width=\"72\">\n<p align=\"center\">44<\/p>\n<\/td>\n<td valign=\"top\" width=\"331\">Eliasz Maja<\/td>\n<\/tr>\n<tr>\n<td valign=\"top\" width=\"77\">\n<p align=\"center\"><strong>8c<\/strong><\/p>\n<\/td>\n<td valign=\"top\" width=\"72\">\n<p align=\"center\">50<\/p>\n<\/td>\n<td valign=\"top\" width=\"331\">Melchert-Knop Magdalena<\/td>\n<\/tr>\n<tr>\n<td valign=\"top\" width=\"77\">\n<p align=\"center\"><strong>8d<\/strong><\/p>\n<\/td>\n<td valign=\"top\" width=\"72\">\n<p align=\"center\">51<\/p>\n<\/td>\n<td valign=\"top\" width=\"331\">Wiczkowski Jacek<\/td>\n<\/tr>\n<tr>\n<td valign=\"top\" width=\"77\">\n<p align=\"center\"><strong>8e<\/strong><\/p>\n<\/td>\n<td valign=\"top\" width=\"72\">\n<p align=\"center\">47<\/p>\n<\/td>\n<td valign=\"top\" width=\"331\">Winiarska Aneta<\/td>\n<\/tr>\n<\/tbody>\n<\/table>\n","protected":false},"excerpt":{"rendered":"<p>W dniu\u00a001.09.2022r.\u00a0odb\u0119dzie si\u0119 rozpocz\u0119cie roku szkolnego. Uczniowie spotykaj\u0105 si\u0119\u00a0 z wychowawcami w salach lekcyjnych\u00a0 w nast\u0119puj\u0105cych godzinach: \u00a0&#8211; 8.30: uczniowie klas 1-3 &#8211; 9.30: uczniowie klas 4-8 Przydzia\u0142 sal na rozpocz\u0119cie roku szkolnego 2022\/2023 KLASY 1-3 GODZ. 8:30 Klasa Sala Wychowawca 1a 17 Rogowska-Szach Marzena 1b 26 Dzienniak Aldona 1c 11 Hryndzio Irena 1d 9 [&hellip;]<\/p>\n","protected":false},"author":4,"featured_media":12564,"comment_status":"closed","ping_status":"closed","sticky":false,"template":"","format":"standard","meta":{"footnotes":""},"categories":[3,14,24],"tags":[],"class_list":["post-12569","post","type-post","status-publish","format-standard","has-post-thumbnail","hentry","category-aktualnosci","category-dla-rodzicow","category-dla-uczniow"],"_links":{"self":[{"href":"https:\/\/sp2bytow.pl\/index.php?rest_route=\/wp\/v2\/posts\/12569","targetHints":{"allow":["GET"]}}],"collection":[{"href":"https:\/\/sp2bytow.pl\/index.php?rest_route=\/wp\/v2\/posts"}],"about":[{"href":"https:\/\/sp2bytow.pl\/index.php?rest_route=\/wp\/v2\/types\/post"}],"author":[{"embeddable":true,"href":"https:\/\/sp2bytow.pl\/index.php?rest_route=\/wp\/v2\/users\/4"}],"replies":[{"embeddable":true,"href":"https:\/\/sp2bytow.pl\/index.php?rest_route=%2Fwp%2Fv2%2Fcomments&post=12569"}],"version-history":[{"count":4,"href":"https:\/\/sp2bytow.pl\/index.php?rest_route=\/wp\/v2\/posts\/12569\/revisions"}],"predecessor-version":[{"id":12593,"href":"https:\/\/sp2bytow.pl\/index.php?rest_route=\/wp\/v2\/posts\/12569\/revisions\/12593"}],"wp:featuredmedia":[{"embeddable":true,"href":"https:\/\/sp2bytow.pl\/index.php?rest_route=\/wp\/v2\/media\/12564"}],"wp:attachment":[{"href":"https:\/\/sp2bytow.pl\/index.php?rest_route=%2Fwp%2Fv2%2Fmedia&parent=12569"}],"wp:term":[{"taxonomy":"category","embeddable":true,"href":"https:\/\/sp2bytow.pl\/index.php?rest_route=%2Fwp%2Fv2%2Fcategories&post=12569"},{"taxonomy":"post_tag","embeddable":true,"href":"https:\/\/sp2bytow.pl\/index.php?rest_route=%2Fwp%2Fv2%2Ftags&post=12569"}],"curies":[{"name":"wp","href":"https:\/\/api.w.org\/{rel}","templated":true}]}}