{"id":12561,"date":"2022-08-23T07:18:20","date_gmt":"2022-08-23T07:18:20","guid":{"rendered":"http:\/\/sp2bytow.home.pl\/autoinstalator\/wordpress\/?p=12561"},"modified":"2022-08-23T07:20:18","modified_gmt":"2022-08-23T07:20:18","slug":"rozpoczecie-roku-szkolnego-20222023","status":"publish","type":"post","link":"https:\/\/sp2bytow.pl\/?p=12561","title":{"rendered":"ROZPOCZ\u0118CIE ROKU SZKOLNEGO 2022\/2023"},"content":{"rendered":"<p>W dniu\u00a0<strong>01.09.2022r.\u00a0<\/strong>odb\u0119dzie si\u0119 rozpocz\u0119cie roku szkolnego.<\/p>\n<p>Uczniowie spotykaj\u0105 si\u0119\u00a0 z wychowawcami w salach lekcyjnych (sale zostan\u0105 podane do wiadomo\u015bci w najbli\u017cszym czasie) w nast\u0119puj\u0105cych godzinach:<\/p>\n<p><strong>\u00a0<\/strong><strong>&#8211; 8.30: uczniowie klas 1-3<\/strong><\/p>\n<p><strong>&#8211; 9.30: uczniowie klas 4-8<\/strong><\/p>\n","protected":false},"excerpt":{"rendered":"<p>W dniu\u00a001.09.2022r.\u00a0odb\u0119dzie si\u0119 rozpocz\u0119cie roku szkolnego. Uczniowie spotykaj\u0105 si\u0119\u00a0 z wychowawcami w salach lekcyjnych (sale zostan\u0105 podane do wiadomo\u015bci w najbli\u017cszym czasie) w nast\u0119puj\u0105cych godzinach: \u00a0&#8211; 8.30: uczniowie klas 1-3 &#8211; 9.30: uczniowie klas 4-8<\/p>\n","protected":false},"author":4,"featured_media":12564,"comment_status":"closed","ping_status":"closed","sticky":false,"template":"","format":"standard","meta":{"footnotes":""},"categories":[3,14,24],"tags":[],"class_list":["post-12561","post","type-post","status-publish","format-standard","has-post-thumbnail","hentry","category-aktualnosci","category-dla-rodzicow","category-dla-uczniow"],"_links":{"self":[{"href":"https:\/\/sp2bytow.pl\/index.php?rest_route=\/wp\/v2\/posts\/12561","targetHints":{"allow":["GET"]}}],"collection":[{"href":"https:\/\/sp2bytow.pl\/index.php?rest_route=\/wp\/v2\/posts"}],"about":[{"href":"https:\/\/sp2bytow.pl\/index.php?rest_route=\/wp\/v2\/types\/post"}],"author":[{"embeddable":true,"href":"https:\/\/sp2bytow.pl\/index.php?rest_route=\/wp\/v2\/users\/4"}],"replies":[{"embeddable":true,"href":"https:\/\/sp2bytow.pl\/index.php?rest_route=%2Fwp%2Fv2%2Fcomments&post=12561"}],"version-history":[{"count":1,"href":"https:\/\/sp2bytow.pl\/index.php?rest_route=\/wp\/v2\/posts\/12561\/revisions"}],"predecessor-version":[{"id":12563,"href":"https:\/\/sp2bytow.pl\/index.php?rest_route=\/wp\/v2\/posts\/12561\/revisions\/12563"}],"wp:featuredmedia":[{"embeddable":true,"href":"https:\/\/sp2bytow.pl\/index.php?rest_route=\/wp\/v2\/media\/12564"}],"wp:attachment":[{"href":"https:\/\/sp2bytow.pl\/index.php?rest_route=%2Fwp%2Fv2%2Fmedia&parent=12561"}],"wp:term":[{"taxonomy":"category","embeddable":true,"href":"https:\/\/sp2bytow.pl\/index.php?rest_route=%2Fwp%2Fv2%2Fcategories&post=12561"},{"taxonomy":"post_tag","embeddable":true,"href":"https:\/\/sp2bytow.pl\/index.php?rest_route=%2Fwp%2Fv2%2Ftags&post=12561"}],"curies":[{"name":"wp","href":"https:\/\/api.w.org\/{rel}","templated":true}]}}