{"id":12181,"date":"2022-03-07T07:04:20","date_gmt":"2022-03-07T07:04:20","guid":{"rendered":"http:\/\/sp2bytow.home.pl\/autoinstalator\/wordpress\/?p=12181"},"modified":"2022-03-07T07:04:20","modified_gmt":"2022-03-07T07:04:20","slug":"wyniki-konkursu-pt-teatr-lalek","status":"publish","type":"post","link":"https:\/\/sp2bytow.pl\/?p=12181","title":{"rendered":"WYNIKI KONKURSU pt. \u201eTeatr lalek\u201d"},"content":{"rendered":"<p align=\"center\"><b>OG\u0141OSZENIE WYNIK\u00d3W KONKURSU pt. \u201eTeatr lalek\u201d<br \/>\n<\/b><\/p>\n<p>Z ogromn\u0105 przyjemno\u015bci\u0105 i satysfakcj\u0105 og\u0142aszamy wyniki szkolnego konkursu dla klas I-III na pacynk\u0119, kukie\u0142k\u0119, b\u0105d\u017a marionetk\u0119.\u00a0Konkurs organizowany by\u0142 w Szkole Podstawowej nr 2 w Bytowie w ramach Mi\u0119dzynarodowego Projektu Edukacyjnego \u201eZ kultur\u0105 mi do twarzy\u201d, a jego organizatorami by\u0142y: Pani Patrycja Dawidowska, Pani Anna Duda oraz Pani Aneta Czuba.<\/p>\n<p>Komisja konkursowa w sk\u0142adzie: Pani Magdalena Czerwonka oraz Pani Aldona Dzienniak , dokona\u0142a oceny 28\u00a0\u00a0prac zg\u0142oszonych do konkursu, wy\u0142aniaj\u0105c 3 Laureat\u00f3w Konkursu oraz przyznaj\u0105c 2 Wyr\u00f3\u017cnienia.<\/p>\n<p>Nagrodzone prace nale\u017c\u0105 do:<br \/>\n<b>I miejsce:<\/b>\u00a0Zuzanna Cyrson \u2013 klasa IIa<br \/>\n<b>II miejsce<\/b>: Karolina Okopi\u0144ska \u2013 klasa IIa<br \/>\n<b>III miejsce:<\/b>\u00a0Julia Wr\u00f3bel \u2013 klasa Ic<br \/>\n<b>Wyr\u00f3\u017cnienie:<\/b>\u00a0Olga Okopi\u0144ska \u2013 klasa Ib<br \/>\n<b>Wyr\u00f3\u017cnienie:<\/b>\u00a0Szymon Borzyszkowski \u2013 klasa Id<\/p>\n<p>Serdecznie dzi\u0119kujemy wszystkim uczestnikom konkursu, a autorom nagrodzonych prac bardzo mocno gratulujemy!!!<\/p>\n<p>Po odbi\u00f3r nagr\u00f3d zapraszamy do \u015bwietlicy Szko\u0142y Podstawowe j nr 2 w Bytowie.<\/p>\n<p>&nbsp;<\/p>\n<p><a href=\"https:\/\/sp2bytow.pl\/wp-content\/uploads\/2022\/03\/Byt\u00f3w-oczami-dziecka-og\u0142oszenie-o-konkursie.docx\">Byt\u00f3w oczami dziecka &#8211; og\u0142oszenie o konkursie<\/a><\/p>\n<div><\/div>\n<div><\/div>\n","protected":false},"excerpt":{"rendered":"<p>OG\u0141OSZENIE WYNIK\u00d3W KONKURSU pt. \u201eTeatr lalek\u201d Z ogromn\u0105 przyjemno\u015bci\u0105 i satysfakcj\u0105 og\u0142aszamy wyniki szkolnego konkursu dla klas I-III na pacynk\u0119, kukie\u0142k\u0119, b\u0105d\u017a marionetk\u0119.\u00a0Konkurs organizowany by\u0142 w Szkole Podstawowej nr 2 w Bytowie w ramach Mi\u0119dzynarodowego Projektu Edukacyjnego \u201eZ kultur\u0105 mi do twarzy\u201d, a jego organizatorami by\u0142y: Pani Patrycja Dawidowska, Pani Anna Duda oraz Pani Aneta [&hellip;]<\/p>\n","protected":false},"author":4,"featured_media":12183,"comment_status":"closed","ping_status":"closed","sticky":false,"template":"","format":"standard","meta":{"footnotes":""},"categories":[3,9],"tags":[],"class_list":["post-12181","post","type-post","status-publish","format-standard","has-post-thumbnail","hentry","category-aktualnosci","category-swietlica"],"_links":{"self":[{"href":"https:\/\/sp2bytow.pl\/index.php?rest_route=\/wp\/v2\/posts\/12181","targetHints":{"allow":["GET"]}}],"collection":[{"href":"https:\/\/sp2bytow.pl\/index.php?rest_route=\/wp\/v2\/posts"}],"about":[{"href":"https:\/\/sp2bytow.pl\/index.php?rest_route=\/wp\/v2\/types\/post"}],"author":[{"embeddable":true,"href":"https:\/\/sp2bytow.pl\/index.php?rest_route=\/wp\/v2\/users\/4"}],"replies":[{"embeddable":true,"href":"https:\/\/sp2bytow.pl\/index.php?rest_route=%2Fwp%2Fv2%2Fcomments&post=12181"}],"version-history":[{"count":1,"href":"https:\/\/sp2bytow.pl\/index.php?rest_route=\/wp\/v2\/posts\/12181\/revisions"}],"predecessor-version":[{"id":12184,"href":"https:\/\/sp2bytow.pl\/index.php?rest_route=\/wp\/v2\/posts\/12181\/revisions\/12184"}],"wp:featuredmedia":[{"embeddable":true,"href":"https:\/\/sp2bytow.pl\/index.php?rest_route=\/wp\/v2\/media\/12183"}],"wp:attachment":[{"href":"https:\/\/sp2bytow.pl\/index.php?rest_route=%2Fwp%2Fv2%2Fmedia&parent=12181"}],"wp:term":[{"taxonomy":"category","embeddable":true,"href":"https:\/\/sp2bytow.pl\/index.php?rest_route=%2Fwp%2Fv2%2Fcategories&post=12181"},{"taxonomy":"post_tag","embeddable":true,"href":"https:\/\/sp2bytow.pl\/index.php?rest_route=%2Fwp%2Fv2%2Ftags&post=12181"}],"curies":[{"name":"wp","href":"https:\/\/api.w.org\/{rel}","templated":true}]}}