{"id":12173,"date":"2022-03-02T11:12:48","date_gmt":"2022-03-02T11:12:48","guid":{"rendered":"http:\/\/sp2bytow.home.pl\/autoinstalator\/wordpress\/?p=12173"},"modified":"2022-03-02T11:35:54","modified_gmt":"2022-03-02T11:35:54","slug":"solidarni-z-ukraina","status":"publish","type":"post","link":"https:\/\/sp2bytow.pl\/?p=12173","title":{"rendered":"Solidarni z Ukrain\u0105"},"content":{"rendered":"<p>W zwi\u0105zku z zaistnia\u0142\u0105 sytuacj\u0105 w Ukrainie Samorz\u0105d Uczniowski i Szkolny Klub Wolontariusza organizuj\u0105 nast\u0119puj\u0105ce akcje:<br \/>\n&#8211; plakaty symbolizuj\u0105ce nasz\u0105 solidarno\u015b\u0107 z Ukrain\u0105 (bez drastycznych ilustracji, zdj\u0119\u0107,). Ka\u017cdy z uczni\u00f3w mo\u017ce wykona\u0107 go do poniedzia\u0142ku (7.03.) indywidualnie w domu (otrzyma w\u00f3wczas punkty za prac\u0119 na rzecz szko\u0142y) lub klasa mo\u017ce zrobi\u0107 jeden wsp\u00f3lny klasowy, np. na godzinie wychowawczej do pi\u0105tku (11.03.)<br \/>\n&#8211; zbi\u00f3rka pieni\u0119dzy w czwartek (3.03.) i pi\u0105tek (4.03.), kt\u00f3re zostan\u0105 przekazane Fundacji Parasol. Wolontariusze odwiedz\u0105 uczni\u00f3w w klasach. Kwesta do puszek na pomoc Ukrainie b\u0119dzie odbywa\u0107 si\u0119 cyklicznie, raz w miesi\u0105cu. Termin zostanie ustalony p\u00f3\u017aniej.<\/p>\n<p><a href=\"https:\/\/sp2bytow.pl\/wp-content\/uploads\/2022\/03\/solidarni-z-ukraina\u0328.pdf\"><a href=\"https:\/\/sp2bytow.pl\/wp-content\/uploads\/2022\/03\/solidarni-z-ukraina\u0328-jpg-1.jpg\"><img loading=\"lazy\" decoding=\"async\" class=\"alignnone size-medium wp-image-12177\" alt=\"Bez tytu\u0142u (29.7\u00d721 cm)\" src=\"https:\/\/sp2bytow.pl\/wp-content\/uploads\/2022\/03\/solidarni-z-ukraina\u0328-jpg-1-300x212.jpg\" width=\"300\" height=\"212\" srcset=\"https:\/\/sp2bytow.pl\/wp-content\/uploads\/2022\/03\/solidarni-z-ukraina\u0328-jpg-1-300x212.jpg 300w, https:\/\/sp2bytow.pl\/wp-content\/uploads\/2022\/03\/solidarni-z-ukraina\u0328-jpg-1-1024x724.jpg 1024w, https:\/\/sp2bytow.pl\/wp-content\/uploads\/2022\/03\/solidarni-z-ukraina\u0328-jpg-1-70x50.jpg 70w\" sizes=\"auto, (max-width: 300px) 100vw, 300px\" \/><\/a><\/a><\/p>\n<p>&nbsp;<\/p>\n","protected":false},"excerpt":{"rendered":"<p>W zwi\u0105zku z zaistnia\u0142\u0105 sytuacj\u0105 w Ukrainie Samorz\u0105d Uczniowski i Szkolny Klub Wolontariusza organizuj\u0105 nast\u0119puj\u0105ce akcje: &#8211; plakaty symbolizuj\u0105ce nasz\u0105 solidarno\u015b\u0107 z Ukrain\u0105 (bez drastycznych ilustracji, zdj\u0119\u0107,). Ka\u017cdy z uczni\u00f3w mo\u017ce wykona\u0107 go do poniedzia\u0142ku (7.03.) indywidualnie w domu (otrzyma w\u00f3wczas punkty za prac\u0119 na rzecz szko\u0142y) lub klasa mo\u017ce zrobi\u0107 jeden wsp\u00f3lny klasowy, np. [&hellip;]<\/p>\n","protected":false},"author":2,"featured_media":12177,"comment_status":"closed","ping_status":"closed","sticky":false,"template":"","format":"standard","meta":{"footnotes":""},"categories":[3],"tags":[],"class_list":["post-12173","post","type-post","status-publish","format-standard","has-post-thumbnail","hentry","category-aktualnosci"],"_links":{"self":[{"href":"https:\/\/sp2bytow.pl\/index.php?rest_route=\/wp\/v2\/posts\/12173","targetHints":{"allow":["GET"]}}],"collection":[{"href":"https:\/\/sp2bytow.pl\/index.php?rest_route=\/wp\/v2\/posts"}],"about":[{"href":"https:\/\/sp2bytow.pl\/index.php?rest_route=\/wp\/v2\/types\/post"}],"author":[{"embeddable":true,"href":"https:\/\/sp2bytow.pl\/index.php?rest_route=\/wp\/v2\/users\/2"}],"replies":[{"embeddable":true,"href":"https:\/\/sp2bytow.pl\/index.php?rest_route=%2Fwp%2Fv2%2Fcomments&post=12173"}],"version-history":[{"count":3,"href":"https:\/\/sp2bytow.pl\/index.php?rest_route=\/wp\/v2\/posts\/12173\/revisions"}],"predecessor-version":[{"id":12179,"href":"https:\/\/sp2bytow.pl\/index.php?rest_route=\/wp\/v2\/posts\/12173\/revisions\/12179"}],"wp:featuredmedia":[{"embeddable":true,"href":"https:\/\/sp2bytow.pl\/index.php?rest_route=\/wp\/v2\/media\/12177"}],"wp:attachment":[{"href":"https:\/\/sp2bytow.pl\/index.php?rest_route=%2Fwp%2Fv2%2Fmedia&parent=12173"}],"wp:term":[{"taxonomy":"category","embeddable":true,"href":"https:\/\/sp2bytow.pl\/index.php?rest_route=%2Fwp%2Fv2%2Fcategories&post=12173"},{"taxonomy":"post_tag","embeddable":true,"href":"https:\/\/sp2bytow.pl\/index.php?rest_route=%2Fwp%2Fv2%2Ftags&post=12173"}],"curies":[{"name":"wp","href":"https:\/\/api.w.org\/{rel}","templated":true}]}}