{"id":11607,"date":"2021-10-11T09:40:21","date_gmt":"2021-10-11T09:40:21","guid":{"rendered":"http:\/\/sp2bytow.home.pl\/autoinstalator\/wordpress\/?p=11607"},"modified":"2021-10-11T09:40:21","modified_gmt":"2021-10-11T09:40:21","slug":"puchar-europy-dzieci-w-karate-tradycyjnym-04-10-2021-katowice","status":"publish","type":"post","link":"https:\/\/sp2bytow.pl\/?p=11607","title":{"rendered":"Puchar Europy Dzieci w Karate Tradycyjnym 04.10.2021 Katowice"},"content":{"rendered":"<div>W miniony poniedzia\u0142ek 04.10.2021r. odby\u0142 si\u0119 Puchar Europy Dzieci w Karate Tradycyjnym. Katowicki Spodek go\u015bci\u0142 oko\u0142o 1500 karatek\u00f3w z ca\u0142ej Europy, z takich pa\u0144stw jak Litwa, Ukraina, Austria, W\u0119gry, Rumunia, a tak\u017ce dodatkowo z Izraela.<\/div>\n<div>W tak mocno obsadzonych zawodach nie mog\u0142o zabrakn\u0105\u0107 m\u0142odych karatek\u00f3w z naszej szko\u0142y.<\/div>\n<div>Do Katowic pojechali Agata Hoppe z klasy IIIb, Tosia Szymczyk z klasy IIIc, Maciek Chrzan z klasy IIId i Szymon Piechowski z klasy Vd osi\u0105gaj\u0105c wysokie wyniki.<\/div>\n<div><\/div>\n<div>Multimedalista Maciek Chrzan zdoby\u0142 z\u0142oto w kata indywidualnym grupa B, 7 kyu oraz srebrny\u00a0 medal w kumite, grupa B, 7 kyu.<\/div>\n<div>Tosia Szymczyk zdoby\u0142a srebrny medal w kata indywidualnym grupa B, 7 kyu.<\/div>\n<div>Agata Hoppe zdoby\u0142a br\u0105zowy medal w kumite grupa B, 7 kyu.<\/div>\n<div>Szymon Piechowski kata indywidualne i kumite grupa C,7 kyu, dotar\u0142 do \u0107wier\u0107fina\u0142\u00f3w.<\/div>\n<div><\/div>\n<div>Maciek, Agata i Tosia stan\u0119li r\u00f3wnie\u017c na najwy\u017cszym podium zdobywaj\u0105c z\u0142oty medal w kata dru\u017cynowym grupa A+B, 9-7 kyu. Na uwag\u0119 zas\u0142uguje fakt, \u017ce w tej kategorii zdobyli ju\u017c 2 razy tytu\u0142 Mistrz\u00f3w Polski, w roku 2020 i 2021.A teraz potwierdzili swoj\u0105 dominacj\u0119 na arenie europejskiej.<\/div>\n<div dir=\"auto\">\n<div dir=\"auto\">Ogromne brawa i gratulacje dla wszystkich zawodnik\u00f3w bior\u0105cych udzia\u0142 w zawodach.<\/div>\n<div dir=\"auto\"><\/div>\n<div dir=\"auto\">Wszyscy zawodnicy trenuj\u0105 w Karate Klub Byt\u00f3w u senseia Micha\u0142a Gawro\u0144skiego i senseia Roberta Kotza.<\/div>\n<div dir=\"auto\"><\/div>\n<div dir=\"auto\"><a href=\"https:\/\/sp2bytow.pl\/wp-content\/uploads\/2021\/10\/20211004_153221.jpg\"><img loading=\"lazy\" decoding=\"async\" class=\"alignnone size-medium wp-image-11609\" alt=\"20211004_153221\" src=\"https:\/\/sp2bytow.pl\/wp-content\/uploads\/2021\/10\/20211004_153221-300x168.jpg\" width=\"300\" height=\"168\" srcset=\"https:\/\/sp2bytow.pl\/wp-content\/uploads\/2021\/10\/20211004_153221-300x168.jpg 300w, https:\/\/sp2bytow.pl\/wp-content\/uploads\/2021\/10\/20211004_153221-1024x576.jpg 1024w\" sizes=\"auto, (max-width: 300px) 100vw, 300px\" \/><\/a> <a href=\"https:\/\/sp2bytow.pl\/wp-content\/uploads\/2021\/10\/20211004_153422.jpg\"><img loading=\"lazy\" decoding=\"async\" class=\"alignnone size-medium wp-image-11610\" alt=\"20211004_153422\" src=\"https:\/\/sp2bytow.pl\/wp-content\/uploads\/2021\/10\/20211004_153422-300x168.jpg\" width=\"300\" height=\"168\" srcset=\"https:\/\/sp2bytow.pl\/wp-content\/uploads\/2021\/10\/20211004_153422-300x168.jpg 300w, https:\/\/sp2bytow.pl\/wp-content\/uploads\/2021\/10\/20211004_153422-1024x576.jpg 1024w\" sizes=\"auto, (max-width: 300px) 100vw, 300px\" \/><\/a> <a href=\"https:\/\/sp2bytow.pl\/wp-content\/uploads\/2021\/10\/20211004_153608.jpg\"><img loading=\"lazy\" decoding=\"async\" class=\"alignnone size-medium wp-image-11611\" alt=\"20211004_153608\" src=\"https:\/\/sp2bytow.pl\/wp-content\/uploads\/2021\/10\/20211004_153608-300x168.jpg\" width=\"300\" height=\"168\" srcset=\"https:\/\/sp2bytow.pl\/wp-content\/uploads\/2021\/10\/20211004_153608-300x168.jpg 300w, https:\/\/sp2bytow.pl\/wp-content\/uploads\/2021\/10\/20211004_153608-1024x576.jpg 1024w\" sizes=\"auto, (max-width: 300px) 100vw, 300px\" \/><\/a> <a href=\"https:\/\/sp2bytow.pl\/wp-content\/uploads\/2021\/10\/244581772_594526445226856_1000641857672833932_n.jpg\"><img loading=\"lazy\" decoding=\"async\" class=\"alignnone size-medium wp-image-11612\" alt=\"244581772_594526445226856_1000641857672833932_n\" src=\"https:\/\/sp2bytow.pl\/wp-content\/uploads\/2021\/10\/244581772_594526445226856_1000641857672833932_n-300x212.jpg\" width=\"300\" height=\"212\" srcset=\"https:\/\/sp2bytow.pl\/wp-content\/uploads\/2021\/10\/244581772_594526445226856_1000641857672833932_n-300x212.jpg 300w, https:\/\/sp2bytow.pl\/wp-content\/uploads\/2021\/10\/244581772_594526445226856_1000641857672833932_n-1024x725.jpg 1024w, https:\/\/sp2bytow.pl\/wp-content\/uploads\/2021\/10\/244581772_594526445226856_1000641857672833932_n-70x50.jpg 70w, https:\/\/sp2bytow.pl\/wp-content\/uploads\/2021\/10\/244581772_594526445226856_1000641857672833932_n.jpg 1905w\" sizes=\"auto, (max-width: 300px) 100vw, 300px\" \/><\/a> <a href=\"https:\/\/sp2bytow.pl\/wp-content\/uploads\/2021\/10\/FB_IMG_1633445135388.jpg\"><img loading=\"lazy\" decoding=\"async\" class=\"alignnone size-medium wp-image-11613\" alt=\"FB_IMG_1633445135388\" src=\"https:\/\/sp2bytow.pl\/wp-content\/uploads\/2021\/10\/FB_IMG_1633445135388-300x198.jpg\" width=\"300\" height=\"198\" srcset=\"https:\/\/sp2bytow.pl\/wp-content\/uploads\/2021\/10\/FB_IMG_1633445135388-300x198.jpg 300w, https:\/\/sp2bytow.pl\/wp-content\/uploads\/2021\/10\/FB_IMG_1633445135388.jpg 720w\" sizes=\"auto, (max-width: 300px) 100vw, 300px\" \/><\/a> <a href=\"https:\/\/sp2bytow.pl\/wp-content\/uploads\/2021\/10\/FB_IMG_1633445142876.jpg\"><img loading=\"lazy\" decoding=\"async\" class=\"alignnone size-medium wp-image-11614\" alt=\"FB_IMG_1633445142876\" src=\"https:\/\/sp2bytow.pl\/wp-content\/uploads\/2021\/10\/FB_IMG_1633445142876-300x198.jpg\" width=\"300\" height=\"198\" srcset=\"https:\/\/sp2bytow.pl\/wp-content\/uploads\/2021\/10\/FB_IMG_1633445142876-300x198.jpg 300w, https:\/\/sp2bytow.pl\/wp-content\/uploads\/2021\/10\/FB_IMG_1633445142876.jpg 720w\" sizes=\"auto, (max-width: 300px) 100vw, 300px\" \/><\/a> <a href=\"https:\/\/sp2bytow.pl\/wp-content\/uploads\/2021\/10\/IMG-20211004-WA0031.jpg\"><img loading=\"lazy\" decoding=\"async\" class=\"alignnone size-medium wp-image-11615\" alt=\"IMG-20211004-WA0031\" src=\"https:\/\/sp2bytow.pl\/wp-content\/uploads\/2021\/10\/IMG-20211004-WA0031-300x225.jpg\" width=\"300\" height=\"225\" srcset=\"https:\/\/sp2bytow.pl\/wp-content\/uploads\/2021\/10\/IMG-20211004-WA0031-300x225.jpg 300w, https:\/\/sp2bytow.pl\/wp-content\/uploads\/2021\/10\/IMG-20211004-WA0031.jpg 1024w\" sizes=\"auto, (max-width: 300px) 100vw, 300px\" \/><\/a> <a href=\"https:\/\/sp2bytow.pl\/wp-content\/uploads\/2021\/10\/IMG-20211005-WA0007.jpg\"><img loading=\"lazy\" decoding=\"async\" class=\"alignnone size-medium wp-image-11616\" alt=\"IMG-20211005-WA0007\" src=\"https:\/\/sp2bytow.pl\/wp-content\/uploads\/2021\/10\/IMG-20211005-WA0007-225x300.jpg\" width=\"225\" height=\"300\" srcset=\"https:\/\/sp2bytow.pl\/wp-content\/uploads\/2021\/10\/IMG-20211005-WA0007-225x300.jpg 225w, https:\/\/sp2bytow.pl\/wp-content\/uploads\/2021\/10\/IMG-20211005-WA0007-768x1024.jpg 768w, https:\/\/sp2bytow.pl\/wp-content\/uploads\/2021\/10\/IMG-20211005-WA0007.jpg 1200w\" sizes=\"auto, (max-width: 225px) 100vw, 225px\" \/><\/a> <a href=\"https:\/\/sp2bytow.pl\/wp-content\/uploads\/2021\/10\/IMG-20211005-WA0030.jpg\"><img loading=\"lazy\" decoding=\"async\" class=\"alignnone size-medium wp-image-11617\" alt=\"IMG-20211005-WA0030\" src=\"https:\/\/sp2bytow.pl\/wp-content\/uploads\/2021\/10\/IMG-20211005-WA0030-300x138.jpg\" width=\"300\" height=\"138\" srcset=\"https:\/\/sp2bytow.pl\/wp-content\/uploads\/2021\/10\/IMG-20211005-WA0030-300x138.jpg 300w, https:\/\/sp2bytow.pl\/wp-content\/uploads\/2021\/10\/IMG-20211005-WA0030.jpg 1024w\" sizes=\"auto, (max-width: 300px) 100vw, 300px\" \/><\/a> <a href=\"https:\/\/sp2bytow.pl\/wp-content\/uploads\/2021\/10\/IMG-20211005-WA0035.jpg\"><img loading=\"lazy\" decoding=\"async\" class=\"alignnone size-medium wp-image-11618\" alt=\"IMG-20211005-WA0035\" src=\"https:\/\/sp2bytow.pl\/wp-content\/uploads\/2021\/10\/IMG-20211005-WA0035-225x300.jpg\" width=\"225\" height=\"300\" srcset=\"https:\/\/sp2bytow.pl\/wp-content\/uploads\/2021\/10\/IMG-20211005-WA0035-225x300.jpg 225w, https:\/\/sp2bytow.pl\/wp-content\/uploads\/2021\/10\/IMG-20211005-WA0035-768x1024.jpg 768w, https:\/\/sp2bytow.pl\/wp-content\/uploads\/2021\/10\/IMG-20211005-WA0035.jpg 1200w\" sizes=\"auto, (max-width: 225px) 100vw, 225px\" \/><\/a> <a href=\"https:\/\/sp2bytow.pl\/wp-content\/uploads\/2021\/10\/IMG-20211005-WA0036.jpg\"><img loading=\"lazy\" decoding=\"async\" class=\"alignnone size-medium wp-image-11619\" alt=\"IMG-20211005-WA0036\" src=\"https:\/\/sp2bytow.pl\/wp-content\/uploads\/2021\/10\/IMG-20211005-WA0036-225x300.jpg\" width=\"225\" height=\"300\" srcset=\"https:\/\/sp2bytow.pl\/wp-content\/uploads\/2021\/10\/IMG-20211005-WA0036-225x300.jpg 225w, https:\/\/sp2bytow.pl\/wp-content\/uploads\/2021\/10\/IMG-20211005-WA0036-768x1024.jpg 768w, https:\/\/sp2bytow.pl\/wp-content\/uploads\/2021\/10\/IMG-20211005-WA0036.jpg 1200w\" sizes=\"auto, (max-width: 225px) 100vw, 225px\" \/><\/a><\/div>\n<\/div>\n","protected":false},"excerpt":{"rendered":"<p>W miniony poniedzia\u0142ek 04.10.2021r. odby\u0142 si\u0119 Puchar Europy Dzieci w Karate Tradycyjnym. Katowicki Spodek go\u015bci\u0142 oko\u0142o 1500 karatek\u00f3w z ca\u0142ej Europy, z takich pa\u0144stw jak Litwa, Ukraina, Austria, W\u0119gry, Rumunia, a tak\u017ce dodatkowo z Izraela. W tak mocno obsadzonych zawodach nie mog\u0142o zabrakn\u0105\u0107 m\u0142odych karatek\u00f3w z naszej szko\u0142y. Do Katowic pojechali Agata Hoppe z klasy [&hellip;]<\/p>\n","protected":false},"author":2,"featured_media":11617,"comment_status":"closed","ping_status":"closed","sticky":false,"template":"","format":"standard","meta":{"footnotes":""},"categories":[3],"tags":[],"class_list":["post-11607","post","type-post","status-publish","format-standard","has-post-thumbnail","hentry","category-aktualnosci"],"_links":{"self":[{"href":"https:\/\/sp2bytow.pl\/index.php?rest_route=\/wp\/v2\/posts\/11607","targetHints":{"allow":["GET"]}}],"collection":[{"href":"https:\/\/sp2bytow.pl\/index.php?rest_route=\/wp\/v2\/posts"}],"about":[{"href":"https:\/\/sp2bytow.pl\/index.php?rest_route=\/wp\/v2\/types\/post"}],"author":[{"embeddable":true,"href":"https:\/\/sp2bytow.pl\/index.php?rest_route=\/wp\/v2\/users\/2"}],"replies":[{"embeddable":true,"href":"https:\/\/sp2bytow.pl\/index.php?rest_route=%2Fwp%2Fv2%2Fcomments&post=11607"}],"version-history":[{"count":1,"href":"https:\/\/sp2bytow.pl\/index.php?rest_route=\/wp\/v2\/posts\/11607\/revisions"}],"predecessor-version":[{"id":11620,"href":"https:\/\/sp2bytow.pl\/index.php?rest_route=\/wp\/v2\/posts\/11607\/revisions\/11620"}],"wp:featuredmedia":[{"embeddable":true,"href":"https:\/\/sp2bytow.pl\/index.php?rest_route=\/wp\/v2\/media\/11617"}],"wp:attachment":[{"href":"https:\/\/sp2bytow.pl\/index.php?rest_route=%2Fwp%2Fv2%2Fmedia&parent=11607"}],"wp:term":[{"taxonomy":"category","embeddable":true,"href":"https:\/\/sp2bytow.pl\/index.php?rest_route=%2Fwp%2Fv2%2Fcategories&post=11607"},{"taxonomy":"post_tag","embeddable":true,"href":"https:\/\/sp2bytow.pl\/index.php?rest_route=%2Fwp%2Fv2%2Ftags&post=11607"}],"curies":[{"name":"wp","href":"https:\/\/api.w.org\/{rel}","templated":true}]}}