{"id":11577,"date":"2021-10-04T09:02:10","date_gmt":"2021-10-04T09:02:10","guid":{"rendered":"http:\/\/sp2bytow.home.pl\/autoinstalator\/wordpress\/?p=11577"},"modified":"2021-10-04T09:02:10","modified_gmt":"2021-10-04T09:02:10","slug":"miedzynarodowy-projekt-edukacyjny-z-kultura-mi-do-twarzy","status":"publish","type":"post","link":"https:\/\/sp2bytow.pl\/?p=11577","title":{"rendered":"MI\u0118DZYNARODOWY PROJEKT EDUKACYJNY \u201cZ kultur\u0105 mi do twarzy\u201d"},"content":{"rendered":"<div>Uczniowie przebywaj\u0105cy w \u015bwietlicy w roku szkolnym 2021 \u2013 2022 w ramach innowacji pedagogicznej bior\u0105 udzia\u0142 w MI\u0118DZYNARODOWYM PROJEKCIE EDUKACYJNYM \u201cZ kultur\u0105 mi do twarzy\u201d<\/div>\n<div><\/div>\n<div>Cele projektu:<\/div>\n<div>\u2013 promowanie kultury wysokiej, wra\u017cliwo\u015bci na pi\u0119kno,<\/div>\n<div>\u2013 rozwijanie poczucia estetyki poprzez kontakt ze sztuk\u0105,<\/div>\n<div>\u2013 wsp\u00f3\u0142praca z plac\u00f3wkami kulturalnymi i \u015brodowiskiem lokalnym,<\/div>\n<div>\u2013 wychowanie w duchu warto\u015bci, takich jak: dobro, pi\u0119kno, altruizm, patriotyzm,<\/div>\n<div>\u2013 kszta\u0142towanie empatii i szacunku wobec os\u00f3b starszych i niepe\u0142nosprawnych,<\/div>\n<div>\u2013 kszta\u0142towanie poczucia przynale\u017cno\u015bci do kraju, regionu, zapoznanie z ich tradycjami i histori\u0105 w spos\u00f3b dost\u0119pny dziecku,<\/div>\n<div>\u2013 zapoznanie z normami i zasadami \u017cycia spo\u0142ecznego oraz ich przestrzeganie,<\/div>\n<div>\u2013 wsp\u00f3\u0142praca z rodzicami, w\u0142\u0105czanie ich do aktywnych dzia\u0142a\u0144 na rzecz plac\u00f3wki.<\/div>\n<div><\/div>\n<div>O naszych dzia\u0142aniach b\u0119dziemy informowa\u0107 na szkolnej stronie oraz FB szkolnym.<\/div>\n<div>Swoim uczniom \u017cyczymy du\u017co kreatywno\u015bci podczas realizacji projektu.<\/div>\n<div><\/div>\n<div><b>Koordynator projektu:\u00a0<\/b>Patrycja Dawidowska<\/div>\n<p><b>Osoby wspomagaj\u0105ce innowacj\u0119:\u00a0<\/b>Anna Duda, \u00a0Magdalena Czerwonka<\/p>\n<p>&nbsp;<\/p>\n<p><a href=\"https:\/\/sp2bytow.pl\/wp-content\/uploads\/2021\/10\/Z-kultur\u0105-mi-do-twarzy-PLAKAT-2021-PDF.pdf\">Z kultur\u0105 mi do twarzy PLAKAT 2021 PDF<\/a><\/p>\n","protected":false},"excerpt":{"rendered":"<p>Uczniowie przebywaj\u0105cy w \u015bwietlicy w roku szkolnym 2021 \u2013 2022 w ramach innowacji pedagogicznej bior\u0105 udzia\u0142 w MI\u0118DZYNARODOWYM PROJEKCIE EDUKACYJNYM \u201cZ kultur\u0105 mi do twarzy\u201d Cele projektu: \u2013 promowanie kultury wysokiej, wra\u017cliwo\u015bci na pi\u0119kno, \u2013 rozwijanie poczucia estetyki poprzez kontakt ze sztuk\u0105, \u2013 wsp\u00f3\u0142praca z plac\u00f3wkami kulturalnymi i \u015brodowiskiem lokalnym, \u2013 wychowanie w duchu warto\u015bci, [&hellip;]<\/p>\n","protected":false},"author":4,"featured_media":11580,"comment_status":"closed","ping_status":"closed","sticky":false,"template":"","format":"standard","meta":{"footnotes":""},"categories":[3,9],"tags":[],"class_list":["post-11577","post","type-post","status-publish","format-standard","has-post-thumbnail","hentry","category-aktualnosci","category-swietlica"],"_links":{"self":[{"href":"https:\/\/sp2bytow.pl\/index.php?rest_route=\/wp\/v2\/posts\/11577","targetHints":{"allow":["GET"]}}],"collection":[{"href":"https:\/\/sp2bytow.pl\/index.php?rest_route=\/wp\/v2\/posts"}],"about":[{"href":"https:\/\/sp2bytow.pl\/index.php?rest_route=\/wp\/v2\/types\/post"}],"author":[{"embeddable":true,"href":"https:\/\/sp2bytow.pl\/index.php?rest_route=\/wp\/v2\/users\/4"}],"replies":[{"embeddable":true,"href":"https:\/\/sp2bytow.pl\/index.php?rest_route=%2Fwp%2Fv2%2Fcomments&post=11577"}],"version-history":[{"count":1,"href":"https:\/\/sp2bytow.pl\/index.php?rest_route=\/wp\/v2\/posts\/11577\/revisions"}],"predecessor-version":[{"id":11581,"href":"https:\/\/sp2bytow.pl\/index.php?rest_route=\/wp\/v2\/posts\/11577\/revisions\/11581"}],"wp:featuredmedia":[{"embeddable":true,"href":"https:\/\/sp2bytow.pl\/index.php?rest_route=\/wp\/v2\/media\/11580"}],"wp:attachment":[{"href":"https:\/\/sp2bytow.pl\/index.php?rest_route=%2Fwp%2Fv2%2Fmedia&parent=11577"}],"wp:term":[{"taxonomy":"category","embeddable":true,"href":"https:\/\/sp2bytow.pl\/index.php?rest_route=%2Fwp%2Fv2%2Fcategories&post=11577"},{"taxonomy":"post_tag","embeddable":true,"href":"https:\/\/sp2bytow.pl\/index.php?rest_route=%2Fwp%2Fv2%2Ftags&post=11577"}],"curies":[{"name":"wp","href":"https:\/\/api.w.org\/{rel}","templated":true}]}}