{"id":11475,"date":"2021-08-23T10:02:54","date_gmt":"2021-08-23T10:02:54","guid":{"rendered":"http:\/\/sp2bytow.home.pl\/autoinstalator\/wordpress\/?p=11475"},"modified":"2021-08-23T10:08:11","modified_gmt":"2021-08-23T10:08:11","slug":"rozpoczecie-roku-szkolnego-20212022","status":"publish","type":"post","link":"https:\/\/sp2bytow.pl\/?p=11475","title":{"rendered":"ROZPOCZ\u0118CIE ROKU SZKOLNEGO 2021\/2022"},"content":{"rendered":"<p align=\"center\"><b>Rozpocz\u0119cie roku szkolnego 2021\/2022<\/b><\/p>\n<p align=\"center\"><b>\u00a0K<\/b><b>lasy I<\/b><\/p>\n<p>Uroczyste rozpocz\u0119cie roku szkolnego odb\u0119dzie si\u0119 01.09 br. o godzinie 8:00 na boisku szkolnym dla klas I-III. <b>Na rozpocz\u0119cie roku przychodz\u0105 uczniowie wraz z jednym rodzicem\/opiekunem.<\/b> Po spotkaniu na boisku szkolnym uczniowie wraz z rodzicem\/opiekunem oraz z wychowawc\u0105 udaj\u0105 si\u0119 do sal lekcyjnych. Rodzice lub opiekunowie przychodz\u0105c do szko\u0142y zobowi\u0105zani s\u0105 do dezynfekcji r\u0105k, os\u0142oni\u0119cia nosa i ust oraz do zachowania bezpiecznej odleg\u0142o\u015bci.<\/p>\n<p>Klasy I wchodz\u0105 do szko\u0142y od strony \u015bwietlicy szkolnej (od ulicy Doma\u0144skiego).<\/p>\n<table width=\"539\" border=\"1\" cellspacing=\"0\" cellpadding=\"0\" align=\"left\">\n<tbody>\n<tr>\n<td valign=\"top\" width=\"66\">\n<p align=\"center\"><b>Klasa<\/b><\/p>\n<\/td>\n<td valign=\"top\" width=\"57\">\n<p align=\"center\"><b>Sala<\/b><\/p>\n<\/td>\n<td valign=\"top\" width=\"225\">\n<p align=\"center\"><b>Wychowawca<\/b><\/p>\n<\/td>\n<td valign=\"top\" width=\"191\">\n<p align=\"center\"><b>Godzina rozpocz\u0119cia roku szkolnego<\/b><\/p>\n<\/td>\n<\/tr>\n<tr>\n<td colspan=\"2\" valign=\"top\" width=\"123\"><\/td>\n<td valign=\"top\" width=\"225\"><\/td>\n<td valign=\"top\" width=\"191\"><\/td>\n<\/tr>\n<tr>\n<td valign=\"top\" width=\"66\">\n<p align=\"center\">1 a<\/p>\n<\/td>\n<td valign=\"top\" width=\"57\">\n<p align=\"center\">14<\/p>\n<\/td>\n<td valign=\"top\" width=\"225\">Pepli\u0144ska Marzena<\/td>\n<td valign=\"top\" width=\"191\">\n<p align=\"center\">8:00<\/p>\n<\/td>\n<\/tr>\n<tr>\n<td valign=\"top\" width=\"66\">\n<p align=\"center\">1 b<\/p>\n<\/td>\n<td valign=\"top\" width=\"57\">\n<p align=\"center\">9<\/p>\n<\/td>\n<td valign=\"top\" width=\"225\">Zahoroda Irena<\/td>\n<td valign=\"top\" width=\"191\">\n<p align=\"center\">8:00<\/p>\n<\/td>\n<\/tr>\n<tr>\n<td valign=\"top\" width=\"66\">\n<p align=\"center\">1 c<\/p>\n<\/td>\n<td valign=\"top\" width=\"57\">\n<p align=\"center\">11<\/p>\n<\/td>\n<td valign=\"top\" width=\"225\">Stolc Beata<\/td>\n<td valign=\"top\" width=\"191\">\n<p align=\"center\">8:00<\/p>\n<\/td>\n<\/tr>\n<tr>\n<td valign=\"top\" width=\"66\">\n<p align=\"center\">1 d<\/p>\n<\/td>\n<td valign=\"top\" width=\"57\">\n<p align=\"center\">12<\/p>\n<\/td>\n<td valign=\"top\" width=\"225\">Sobczak Urszula<\/td>\n<td valign=\"top\" width=\"191\">\n<p align=\"center\">8:00<\/p>\n<\/td>\n<\/tr>\n<\/tbody>\n<\/table>\n<p align=\"center\"><b>\u00a0<\/b><\/p>\n<p align=\"center\"><b>\u00a0<\/b><b>Klasy II-III<\/b><\/p>\n<p>Rozpocz\u0119cie roku szkolnego odb\u0119dzie si\u0119 01.09\u00a0 br. o godzinie 9:00 \u00a0w salach lekcyjnych z wychowawc\u0105 klasy. <b>Uczniowie klas II i III przychodz\u0105 bez rodzic\u00f3w\/opiekun\u00f3w (ewentualnie osoba do uczni\u00f3w niepe\u0142nosprawnych). <\/b><\/p>\n<p>Klasy II wchodz\u0105 do szko\u0142y wej\u015bciem od strony \u015bwietlicy szkolnej (od ulicy Doma\u0144skiego).<\/p>\n<p>Klasy III wchodz\u0105 do szko\u0142y wej\u015bciem od strony placu zabaw (przez ha\u0142a\u015bnik).<\/p>\n<table width=\"565\" border=\"1\" cellspacing=\"0\" cellpadding=\"0\" align=\"left\">\n<tbody>\n<tr>\n<td valign=\"top\" width=\"64\">\n<p align=\"center\"><b>Klasa<\/b><\/p>\n<\/td>\n<td valign=\"top\" width=\"59\">\n<p align=\"center\"><b>Sala<\/b><\/p>\n<\/td>\n<td valign=\"top\" width=\"246\">\n<p align=\"center\"><b>Wychowawca<\/b><\/p>\n<\/td>\n<td valign=\"top\" width=\"196\">\n<p align=\"center\"><b>Godzina rozpocz\u0119cia roku szkolnego<\/b><\/p>\n<\/td>\n<\/tr>\n<tr>\n<td valign=\"top\" width=\"64\"><\/td>\n<td valign=\"top\" width=\"59\"><\/td>\n<td valign=\"top\" width=\"246\"><\/td>\n<td valign=\"top\" width=\"196\"><\/td>\n<\/tr>\n<tr>\n<td valign=\"top\" width=\"64\">\n<p align=\"center\">2 a<\/p>\n<\/td>\n<td valign=\"top\" width=\"59\">\n<p align=\"center\">5<\/p>\n<\/td>\n<td valign=\"top\" width=\"246\">Tempska Renata<\/td>\n<td valign=\"top\" width=\"196\">\n<p align=\"center\">9:00<\/p>\n<\/td>\n<\/tr>\n<tr>\n<td valign=\"top\" width=\"64\">\n<p align=\"center\">2 b<\/p>\n<\/td>\n<td valign=\"top\" width=\"59\">\n<p align=\"center\">3<\/p>\n<\/td>\n<td valign=\"top\" width=\"246\">Roda Maria<\/td>\n<td valign=\"top\" width=\"196\">\n<p align=\"center\">9:00<\/p>\n<\/td>\n<\/tr>\n<tr>\n<td valign=\"top\" width=\"64\">\n<p align=\"center\">2 c<\/p>\n<\/td>\n<td valign=\"top\" width=\"59\">\n<p align=\"center\">17<\/p>\n<\/td>\n<td valign=\"top\" width=\"246\">Franciszkiewicz Katarzyna<\/td>\n<td valign=\"top\" width=\"196\">\n<p align=\"center\">9:00<\/p>\n<\/td>\n<\/tr>\n<tr>\n<td valign=\"top\" width=\"64\">\n<p align=\"center\">2 d<\/p>\n<\/td>\n<td valign=\"top\" width=\"59\">\n<p align=\"center\">15<\/p>\n<\/td>\n<td valign=\"top\" width=\"246\">Strojk Katarzyna<\/td>\n<td valign=\"top\" width=\"196\">\n<p align=\"center\">9:00<\/p>\n<\/td>\n<\/tr>\n<tr>\n<td valign=\"top\" width=\"64\"><\/td>\n<td valign=\"top\" width=\"59\"><\/td>\n<td valign=\"top\" width=\"246\"><\/td>\n<td valign=\"top\" width=\"196\"><\/td>\n<\/tr>\n<tr>\n<td valign=\"top\" width=\"64\">\n<p align=\"center\">3 a<\/p>\n<\/td>\n<td valign=\"top\" width=\"59\">\n<p align=\"center\">14<\/p>\n<\/td>\n<td valign=\"top\" width=\"246\">Rogowska-Szach Marzena<\/td>\n<td valign=\"top\" width=\"196\">\n<p align=\"center\">9:00<\/p>\n<\/td>\n<\/tr>\n<tr>\n<td valign=\"top\" width=\"64\">\n<p align=\"center\">3 b<\/p>\n<\/td>\n<td valign=\"top\" width=\"59\">\n<p align=\"center\">11<\/p>\n<\/td>\n<td valign=\"top\" width=\"246\">Hryndzio Irena<\/td>\n<td valign=\"top\" width=\"196\">\n<p align=\"center\">9:00<\/p>\n<\/td>\n<\/tr>\n<tr>\n<td valign=\"top\" width=\"64\">\n<p align=\"center\">3 c<\/p>\n<\/td>\n<td valign=\"top\" width=\"59\">\n<p align=\"center\">12<\/p>\n<\/td>\n<td valign=\"top\" width=\"246\">Myszka Ewa<\/td>\n<td valign=\"top\" width=\"196\">\n<p align=\"center\">9:00<\/p>\n<\/td>\n<\/tr>\n<tr>\n<td valign=\"top\" width=\"64\">\n<p align=\"center\">3 d<\/p>\n<\/td>\n<td valign=\"top\" width=\"59\">\n<p align=\"center\">9<\/p>\n<\/td>\n<td valign=\"top\" width=\"246\">Siemi\u0144ska Ewa<\/td>\n<td valign=\"top\" width=\"196\">\n<p align=\"center\">9:00<\/p>\n<\/td>\n<\/tr>\n<\/tbody>\n<\/table>\n<p align=\"center\"><b>\u00a0<\/b><\/p>\n<p align=\"center\"><b>Klasy IV-VI<\/b><\/p>\n<p>Rozpocz\u0119cie roku szkolnego odb\u0119dzie si\u0119 01.09 br. o godzinie 8:00 \u00a0w salach lekcyjnych z wychowawc\u0105 klasy. <b>Na rozpocz\u0119cie roku przychodz\u0105 tylko sami uczniowie (ewentualnie osoba do uczni\u00f3w niepe\u0142nosprawnych).<\/b><\/p>\n<p>Klasy IV wchodz\u0105 do szko\u0142y wej\u015bciem od strony blok\u00f3w przy ul. Zwyci\u0119stwa.<\/p>\n<p>Klasy V wchodz\u0105 do szko\u0142y wej\u015bciem od strony holu g\u0142\u00f3wnego.<\/p>\n<p>Klasy VI wchodz\u0105 do szko\u0142y wej\u015bciem od strony boiska asfaltowego.<\/p>\n<table width=\"567\" border=\"1\" cellspacing=\"0\" cellpadding=\"0\" align=\"left\">\n<tbody>\n<tr>\n<td valign=\"top\" width=\"66\">\n<p align=\"center\"><b>Klasa<\/b><\/p>\n<\/td>\n<td valign=\"top\" width=\"57\">\n<p align=\"center\"><b>Sala<\/b><\/p>\n<\/td>\n<td valign=\"top\" width=\"265\">\n<p align=\"center\"><b>Wychowawca<\/b><\/p>\n<\/td>\n<td valign=\"top\" width=\"180\">\n<p align=\"center\"><b>Godzina rozpocz\u0119cia roku szkolnego<\/b><\/p>\n<\/td>\n<\/tr>\n<tr>\n<td valign=\"top\" width=\"66\"><\/td>\n<td valign=\"top\" width=\"57\"><\/td>\n<td valign=\"top\" width=\"265\">\n<p align=\"center\"><b>\u00a0<\/b><\/p>\n<\/td>\n<td valign=\"top\" width=\"180\"><\/td>\n<\/tr>\n<tr>\n<td valign=\"top\" width=\"66\">\n<p align=\"center\">4 a<\/p>\n<\/td>\n<td valign=\"top\" width=\"57\">\n<p align=\"center\">21<\/p>\n<\/td>\n<td valign=\"top\" width=\"265\">Parol Aurelia<\/td>\n<td valign=\"top\" width=\"180\">\n<p align=\"center\">8:00<\/p>\n<\/td>\n<\/tr>\n<tr>\n<td valign=\"top\" width=\"66\">\n<p align=\"center\">4 b<\/p>\n<\/td>\n<td valign=\"top\" width=\"57\">\n<p align=\"center\">23<\/p>\n<\/td>\n<td valign=\"top\" width=\"265\">Reschke Miros\u0142aw<\/td>\n<td valign=\"top\" width=\"180\">\n<p align=\"center\">8:00<\/p>\n<\/td>\n<\/tr>\n<tr>\n<td valign=\"top\" width=\"66\">\n<p align=\"center\">4 c<\/p>\n<\/td>\n<td valign=\"top\" width=\"57\">\n<p align=\"center\">24<\/p>\n<\/td>\n<td valign=\"top\" width=\"265\">Chmielewska Barbara<\/td>\n<td valign=\"top\" width=\"180\">\n<p align=\"center\">8:00<\/p>\n<\/td>\n<\/tr>\n<tr>\n<td valign=\"top\" width=\"66\">\n<p align=\"center\">4d<\/p>\n<\/td>\n<td valign=\"top\" width=\"57\">\n<p align=\"center\">26<\/p>\n<\/td>\n<td valign=\"top\" width=\"265\">Majewicz Ewelina<\/td>\n<td valign=\"top\" width=\"180\">\n<p align=\"center\">8:00<\/p>\n<\/td>\n<\/tr>\n<tr>\n<td valign=\"top\" width=\"66\"><\/td>\n<td valign=\"top\" width=\"57\"><\/td>\n<td valign=\"top\" width=\"265\"><\/td>\n<td valign=\"top\" width=\"180\"><\/td>\n<\/tr>\n<tr>\n<td valign=\"top\" width=\"66\">\n<p align=\"center\">\u00a05 a<\/p>\n<\/td>\n<td valign=\"top\" width=\"57\">\n<p align=\"center\">47<\/p>\n<\/td>\n<td valign=\"top\" width=\"265\">Miazga Jolanta<\/td>\n<td valign=\"top\" width=\"180\">\n<p align=\"center\">8:00<\/p>\n<\/td>\n<\/tr>\n<tr>\n<td valign=\"top\" width=\"66\">\n<p align=\"center\">5 b<\/p>\n<\/td>\n<td valign=\"top\" width=\"57\">\n<p align=\"center\">49<\/p>\n<\/td>\n<td valign=\"top\" width=\"265\">Aurang Ma\u0142gorzata<\/td>\n<td valign=\"top\" width=\"180\">\n<p align=\"center\">8:00<\/p>\n<\/td>\n<\/tr>\n<tr>\n<td valign=\"top\" width=\"66\">\n<p align=\"center\">5 c<\/p>\n<\/td>\n<td valign=\"top\" width=\"57\">\n<p align=\"center\">50<\/p>\n<\/td>\n<td valign=\"top\" width=\"265\">Brucka Lucyna<\/td>\n<td valign=\"top\" width=\"180\">\n<p align=\"center\">8:00<\/p>\n<\/td>\n<\/tr>\n<tr>\n<td valign=\"top\" width=\"66\">\n<p align=\"center\">5d<\/p>\n<\/td>\n<td valign=\"top\" width=\"57\">\n<p align=\"center\">51<\/p>\n<\/td>\n<td valign=\"top\" width=\"265\">Gliszczy\u0144ska-W\u0119sierska Krystyna<\/td>\n<td valign=\"top\" width=\"180\">\n<p align=\"center\">8:00<\/p>\n<\/td>\n<\/tr>\n<tr>\n<td valign=\"top\" width=\"66\"><\/td>\n<td valign=\"top\" width=\"57\"><\/td>\n<td valign=\"top\" width=\"265\"><\/td>\n<td valign=\"top\" width=\"180\"><\/td>\n<\/tr>\n<tr>\n<td valign=\"top\" width=\"66\">\n<p align=\"center\">6 a<\/p>\n<\/td>\n<td valign=\"top\" width=\"57\">\n<p align=\"center\">73<\/p>\n<\/td>\n<td valign=\"top\" width=\"265\">Smorawska Renata<\/td>\n<td valign=\"top\" width=\"180\">\n<p align=\"center\">8:00<\/p>\n<\/td>\n<\/tr>\n<tr>\n<td valign=\"top\" width=\"66\">\n<p align=\"center\">6 b<\/p>\n<\/td>\n<td valign=\"top\" width=\"57\">\n<p align=\"center\">70<\/p>\n<\/td>\n<td valign=\"top\" width=\"265\">Troja\u0144ska Ma\u0142gorzata<\/td>\n<td valign=\"top\" width=\"180\">\n<p align=\"center\">8:00<\/p>\n<\/td>\n<\/tr>\n<tr>\n<td valign=\"top\" width=\"66\">\n<p align=\"center\">6 c<\/p>\n<\/td>\n<td valign=\"top\" width=\"57\">\n<p align=\"center\">60<\/p>\n<\/td>\n<td valign=\"top\" width=\"265\">\u017bmuda-Trzebiatowska Bogumi\u0142a<\/td>\n<td valign=\"top\" width=\"180\">\n<p align=\"center\">8:00<\/p>\n<\/td>\n<\/tr>\n<\/tbody>\n<\/table>\n<p>&nbsp;<\/p>\n<p>&nbsp;<\/p>\n<p>&nbsp;<\/p>\n<p>&nbsp;<\/p>\n<p align=\"center\"><b>\u00a0 \u00a0Klasy VII-VIII<\/b><\/p>\n<p style=\"text-align: left;\">Rozpocz\u0119cie roku szkolnego odb\u0119dzie si\u0119 \u00a001.09 br. o godzinie 9:00 tylko w salach lekcyjnych z wychowawc\u0105 klasy.\u00a0<b>Na rozpocz\u0119cie roku przychodz\u0105 tylko sami uczniowie (ewentualnie osoba do uczni\u00f3w niepe\u0142nosprawnych).<\/b><\/p>\n<p>Klasy VII wchodz\u0105 do szko\u0142y wej\u015bciem od strony blok\u00f3w przy ul. Zwyci\u0119stwa.<\/p>\n<p>Klasy VIII wchodz\u0105 do szko\u0142y wej\u015bciem od strony holu g\u0142\u00f3wnego.<\/p>\n<p><b>\u00a0<\/b><\/p>\n<table width=\"567\" border=\"1\" cellspacing=\"0\" cellpadding=\"0\" align=\"left\">\n<tbody>\n<tr>\n<td valign=\"top\" width=\"66\">\n<p align=\"center\"><b>Klasa<\/b><\/p>\n<\/td>\n<td valign=\"top\" width=\"57\">\n<p align=\"center\"><b>Sala<\/b><\/p>\n<\/td>\n<td valign=\"top\" width=\"265\">\n<p align=\"center\"><b>Wychowawca<\/b><\/p>\n<\/td>\n<td valign=\"top\" width=\"180\">\n<p align=\"center\"><b>Godzina rozpocz\u0119cia roku szkolnego<\/b><\/p>\n<\/td>\n<\/tr>\n<tr>\n<td valign=\"top\" width=\"66\"><\/td>\n<td valign=\"top\" width=\"57\"><\/td>\n<td valign=\"top\" width=\"265\">\n<p align=\"center\"><b>\u00a0<\/b><\/p>\n<\/td>\n<td valign=\"top\" width=\"180\"><\/td>\n<\/tr>\n<tr>\n<td valign=\"top\" width=\"66\">\n<p align=\"center\">7 a<\/p>\n<\/td>\n<td valign=\"top\" width=\"57\">\n<p align=\"center\">32<\/p>\n<\/td>\n<td valign=\"top\" width=\"265\">Miche\u0144ko-Fabiszewska Magdalena<\/td>\n<td valign=\"top\" width=\"180\">\n<p align=\"center\">9:00<\/p>\n<\/td>\n<\/tr>\n<tr>\n<td valign=\"top\" width=\"66\">\n<p align=\"center\">7 b<\/p>\n<\/td>\n<td valign=\"top\" width=\"57\">\n<p align=\"center\">21<\/p>\n<\/td>\n<td valign=\"top\" width=\"265\">Eliasz Maja<\/td>\n<td valign=\"top\" width=\"180\">\n<p align=\"center\">9:00<\/p>\n<\/td>\n<\/tr>\n<tr>\n<td valign=\"top\" width=\"66\">\n<p align=\"center\">7 c<\/p>\n<\/td>\n<td valign=\"top\" width=\"57\">\n<p align=\"center\">23<\/p>\n<\/td>\n<td valign=\"top\" width=\"265\">Melchert-Knop Magdalena<\/td>\n<td valign=\"top\" width=\"180\">\n<p align=\"center\">9:00<\/p>\n<\/td>\n<\/tr>\n<tr>\n<td valign=\"top\" width=\"66\">\n<p align=\"center\">7 d<\/p>\n<\/td>\n<td valign=\"top\" width=\"57\">\n<p align=\"center\">24<\/p>\n<\/td>\n<td valign=\"top\" width=\"265\">Wiczkowski Jacek<\/td>\n<td valign=\"top\" width=\"180\">\n<p align=\"center\">9:00<\/p>\n<\/td>\n<\/tr>\n<tr>\n<td valign=\"top\" width=\"66\">\n<p align=\"center\">7 e<\/p>\n<\/td>\n<td valign=\"top\" width=\"57\">\n<p align=\"center\">26<\/p>\n<\/td>\n<td valign=\"top\" width=\"265\">Winiarska Aneta<\/td>\n<td valign=\"top\" width=\"180\">\n<p align=\"center\">9:00<\/p>\n<\/td>\n<\/tr>\n<tr>\n<td valign=\"top\" width=\"66\"><\/td>\n<td valign=\"top\" width=\"57\"><\/td>\n<td valign=\"top\" width=\"265\"><\/td>\n<td valign=\"top\" width=\"180\"><\/td>\n<\/tr>\n<tr>\n<td valign=\"top\" width=\"66\">\n<p align=\"center\">8 a<\/p>\n<\/td>\n<td valign=\"top\" width=\"57\">\n<p align=\"center\">46<\/p>\n<\/td>\n<td valign=\"top\" width=\"265\">Maikowski Ewa<\/td>\n<td valign=\"top\" width=\"180\">\n<p align=\"center\">9:00<\/p>\n<\/td>\n<\/tr>\n<tr>\n<td valign=\"top\" width=\"66\">\n<p align=\"center\">8 b<\/p>\n<\/td>\n<td valign=\"top\" width=\"57\">\n<p align=\"center\">45<\/p>\n<\/td>\n<td valign=\"top\" width=\"265\">Domaszk Iwona<\/td>\n<td valign=\"top\" width=\"180\">\n<p align=\"center\">9:00<\/p>\n<\/td>\n<\/tr>\n<tr>\n<td valign=\"top\" width=\"66\">\n<p align=\"center\">8 c<\/p>\n<\/td>\n<td valign=\"top\" width=\"57\">\n<p align=\"center\">47<\/p>\n<\/td>\n<td valign=\"top\" width=\"265\">Chrzan Katarzyna<\/td>\n<td valign=\"top\" width=\"180\">\n<p align=\"center\">9:00<\/p>\n<\/td>\n<\/tr>\n<tr>\n<td valign=\"top\" width=\"66\">\n<p align=\"center\">8 d<\/p>\n<\/td>\n<td valign=\"top\" width=\"57\">\n<p align=\"center\">49<\/p>\n<\/td>\n<td valign=\"top\" width=\"265\">Wyczk Katarzyna<\/td>\n<td valign=\"top\" width=\"180\">\n<p align=\"center\">9:00<\/p>\n<\/td>\n<\/tr>\n<tr>\n<td valign=\"top\" width=\"66\">\n<p align=\"center\">8 e<\/p>\n<\/td>\n<td valign=\"top\" width=\"57\">\n<p align=\"center\">50<\/p>\n<\/td>\n<td valign=\"top\" width=\"265\">Brucki Sebastian<\/td>\n<td valign=\"top\" width=\"180\">\n<p align=\"center\">9:00<\/p>\n<\/td>\n<\/tr>\n<tr>\n<td valign=\"top\" width=\"66\">\n<p align=\"center\">8 f<\/p>\n<\/td>\n<td valign=\"top\" width=\"57\">\n<p align=\"center\">51<\/p>\n<\/td>\n<td valign=\"top\" width=\"265\">Romanko Marzena<\/td>\n<td valign=\"top\" width=\"180\">\n<p align=\"center\">9:00<\/p>\n<\/td>\n<\/tr>\n<\/tbody>\n<\/table>\n<p>&nbsp;<\/p>\n","protected":false},"excerpt":{"rendered":"<p>Rozpocz\u0119cie roku szkolnego 2021\/2022 \u00a0Klasy I Uroczyste rozpocz\u0119cie roku szkolnego odb\u0119dzie si\u0119 01.09 br. o godzinie 8:00 na boisku szkolnym dla klas I-III. Na rozpocz\u0119cie roku przychodz\u0105 uczniowie wraz z jednym rodzicem\/opiekunem. Po spotkaniu na boisku szkolnym uczniowie wraz z rodzicem\/opiekunem oraz z wychowawc\u0105 udaj\u0105 si\u0119 do sal lekcyjnych. Rodzice lub opiekunowie przychodz\u0105c do szko\u0142y [&hellip;]<\/p>\n","protected":false},"author":4,"featured_media":11476,"comment_status":"closed","ping_status":"closed","sticky":false,"template":"","format":"standard","meta":{"footnotes":""},"categories":[3],"tags":[],"class_list":["post-11475","post","type-post","status-publish","format-standard","has-post-thumbnail","hentry","category-aktualnosci"],"_links":{"self":[{"href":"https:\/\/sp2bytow.pl\/index.php?rest_route=\/wp\/v2\/posts\/11475","targetHints":{"allow":["GET"]}}],"collection":[{"href":"https:\/\/sp2bytow.pl\/index.php?rest_route=\/wp\/v2\/posts"}],"about":[{"href":"https:\/\/sp2bytow.pl\/index.php?rest_route=\/wp\/v2\/types\/post"}],"author":[{"embeddable":true,"href":"https:\/\/sp2bytow.pl\/index.php?rest_route=\/wp\/v2\/users\/4"}],"replies":[{"embeddable":true,"href":"https:\/\/sp2bytow.pl\/index.php?rest_route=%2Fwp%2Fv2%2Fcomments&post=11475"}],"version-history":[{"count":5,"href":"https:\/\/sp2bytow.pl\/index.php?rest_route=\/wp\/v2\/posts\/11475\/revisions"}],"predecessor-version":[{"id":11481,"href":"https:\/\/sp2bytow.pl\/index.php?rest_route=\/wp\/v2\/posts\/11475\/revisions\/11481"}],"wp:featuredmedia":[{"embeddable":true,"href":"https:\/\/sp2bytow.pl\/index.php?rest_route=\/wp\/v2\/media\/11476"}],"wp:attachment":[{"href":"https:\/\/sp2bytow.pl\/index.php?rest_route=%2Fwp%2Fv2%2Fmedia&parent=11475"}],"wp:term":[{"taxonomy":"category","embeddable":true,"href":"https:\/\/sp2bytow.pl\/index.php?rest_route=%2Fwp%2Fv2%2Fcategories&post=11475"},{"taxonomy":"post_tag","embeddable":true,"href":"https:\/\/sp2bytow.pl\/index.php?rest_route=%2Fwp%2Fv2%2Ftags&post=11475"}],"curies":[{"name":"wp","href":"https:\/\/api.w.org\/{rel}","templated":true}]}}