{"id":11458,"date":"2021-08-23T06:47:05","date_gmt":"2021-08-23T06:47:05","guid":{"rendered":"http:\/\/sp2bytow.home.pl\/autoinstalator\/wordpress\/?p=11458"},"modified":"2021-08-23T06:47:05","modified_gmt":"2021-08-23T06:47:05","slug":"badminton-przygotowania-do-nowego-sezony-20212022-zawodnikow-uks-dwojka-bytow","status":"publish","type":"post","link":"https:\/\/sp2bytow.pl\/?p=11458","title":{"rendered":"Badminton &#8211; Przygotowania do nowego sezony 2021\/2022 zawodnik\u00f3w UKS \u201eDw\u00f3jka\u201d Byt\u00f3w"},"content":{"rendered":"<p><b><span style=\"text-decoration: underline;\">Badminton &#8211; Przygotowania do nowego sezony 2021\/2022 zawodnik\u00f3w UKS \u201eDw\u00f3jka\u201d Byt\u00f3w<\/span><\/b><\/p>\n<p>Zawodnicy wraz z klubowym trenerem UKS \u201eDw\u00f3jka\u201d Byt\u00f3w ju\u017c pod koniec czerwca br. planowali obozy szkoleniowe, kt\u00f3re maja przygotowa\u0107 badmintonist\u00f3w do nowego sezonu 2021\/2022. Najstarsze dziewcz\u0119ta w klubie Anna Duda, Aneta Niklas i Laura Bujak przygotowuj\u0105 si\u0119 indywidualnie b\u0105d\u017a z zawodnikami Kadr Narodowych w Warszawie.<\/p>\n<p>Natomiast najm\u0142odsi bytowscy badmintoni\u015bci wraz z trenerami Kadry Wojew\u00f3dztwa Pomorskiego pojechali na dwa obozy wraz z innymi zawodnikami z ca\u0142ego wojew\u00f3dztwa.<\/p>\n<p>Pierwszy ob\u00f3z szkoleniowy odby\u0142 si\u0119 w <b>Bia\u0142ce Tatrza\u0144skiej<\/b> w dniach od 5 do 15 sierpnia br. w kt\u00f3rym uczestniczy\u0142o ponad 40 zawodnik\u00f3w z dw\u00f3ch wojew\u00f3dztw pomorskiego i ma\u0142opolskiego w\u015br\u00f3d nich uczestniczy\u0142o 8 bytowiak\u00f3w.<\/p>\n<p>Bytowscy badmintoni\u015bci w Bia\u0142ce Tatrza\u0144skiej przez 10 dni zaliczyli wyczerpuj\u0105ce treningi, kt\u00f3re da\u0142y si\u0119 we znaki wszystkim zawodnikom. Ob\u00f3z szkoleniowy mia\u0142 na celu prac\u0119 nad technik\u0105 oraz taktyk\u0105 na korcie ale r\u00f3wnie\u017c nad elementami motorycznymi, maj\u0105cymi przygotowa\u0107 zawodnik\u00f3w do trud\u00f3w w nadchodz\u0105cym sezonie.<\/p>\n<p>By\u0142o tez sporo dodatkowych atrakcji jak wyj\u015bcia na g\u00f3rskie termy i zwiedzanie pobliskich teren\u00f3w z przewodnikiem.<\/p>\n<p>Po powrocie bytowiacy mieli tydzie\u0144 wolnego a nast\u0119pnie od 22 do 30 sierpnia ponownie wyjechali na drugi ob\u00f3z badmintonowy do <b>Cz\u0142uchowa,<\/b> gdzie doskonal\u0105 technik\u0119 i taktyk\u0119 gry pojedynczej, podw\u00f3jnej i mieszanej. Na ten ob\u00f3z wybra\u0142o si\u0119 8 zawodnik\u00f3w z UKS \u201eDw\u00f3jka\u201d Byt\u00f3w, kt\u00f3rzy wraz z trenerami Kadry Wojew\u00f3dzkiej b\u0119d\u0105 sp\u0119dza\u0107 wiele godzin dziennie na kortach badmintonowych.<\/p>\n<p><b>Jedyna nasza zawodniczka Aleksandra Treder prosto z obozu w Bia\u0142ce Tatrza\u0144skiej pojecha\u0142a do Warszawy na tygodniowe zgrupowanie Kadry Narodowej B m\u0142odzik\u00f3w do Warszawy, gdzie doskonali\u0142a umiej\u0119tno\u015bci badmintonowe i poruszanie si\u0119 po korcie.\u00a0 <\/b><\/p>\n<p>Mamy nadziej\u0119, i\u017c po powrocie z tych szkole\u0144 badmintonowych w Bia\u0142ce Tatrza\u0144skiej i w Cz\u0142uchowie zawodnicy wynios\u0105 jak najwi\u0119cej i efekt b\u0119dzie wida\u0107 ju\u017c na jesiennych turniejach w ca\u0142ym kraju \u2013 m\u00f3wi trener bytowskich badmintonist\u00f3w Jerzy Saldat.<\/p>\n<p><b>Bardzo dzi\u0119kujemy za wsparcie finansowe i mo\u017cliwo\u015b\u0107 uczestniczenia tych badmintonowych szkoleniach Starostwu Powiatowemu oraz Gminie Byt\u00f3w.<\/b><\/p>\n<p>Zdj\u0119cia z obozu sportowego w Bia\u0142ce Tatrza\u0144skiej w\u015br\u00f3d zawodnik\u00f3w s\u0105 bytowscy badmintoni\u015bci.<\/p>\n<p>Zdj\u0119cie Aleksandry Treder na tle kort\u00f3w badmintonowych w Warszawie.<\/p>\n<p><a href=\"https:\/\/sp2bytow.pl\/wp-content\/uploads\/2021\/08\/0.png\"><img loading=\"lazy\" decoding=\"async\" class=\"alignnone size-medium wp-image-11459\" alt=\"0\" src=\"https:\/\/sp2bytow.pl\/wp-content\/uploads\/2021\/08\/0-283x300.png\" width=\"283\" height=\"300\" srcset=\"https:\/\/sp2bytow.pl\/wp-content\/uploads\/2021\/08\/0-283x300.png 283w, https:\/\/sp2bytow.pl\/wp-content\/uploads\/2021\/08\/0.png 720w\" sizes=\"auto, (max-width: 283px) 100vw, 283px\" \/><\/a> <a href=\"https:\/\/sp2bytow.pl\/wp-content\/uploads\/2021\/08\/11.png\"><img loading=\"lazy\" decoding=\"async\" class=\"alignnone size-medium wp-image-11460\" alt=\"11\" src=\"https:\/\/sp2bytow.pl\/wp-content\/uploads\/2021\/08\/11-300x127.png\" width=\"300\" height=\"127\" srcset=\"https:\/\/sp2bytow.pl\/wp-content\/uploads\/2021\/08\/11-300x127.png 300w, https:\/\/sp2bytow.pl\/wp-content\/uploads\/2021\/08\/11.png 720w\" sizes=\"auto, (max-width: 300px) 100vw, 300px\" \/><\/a> <a href=\"https:\/\/sp2bytow.pl\/wp-content\/uploads\/2021\/08\/12.png\"><img loading=\"lazy\" decoding=\"async\" class=\"alignnone size-medium wp-image-11461\" alt=\"12\" src=\"https:\/\/sp2bytow.pl\/wp-content\/uploads\/2021\/08\/12-300x139.png\" width=\"300\" height=\"139\" srcset=\"https:\/\/sp2bytow.pl\/wp-content\/uploads\/2021\/08\/12-300x139.png 300w, https:\/\/sp2bytow.pl\/wp-content\/uploads\/2021\/08\/12.png 720w\" sizes=\"auto, (max-width: 300px) 100vw, 300px\" \/><\/a> <a href=\"https:\/\/sp2bytow.pl\/wp-content\/uploads\/2021\/08\/13.png\"><img loading=\"lazy\" decoding=\"async\" class=\"alignnone size-medium wp-image-11462\" alt=\"13\" src=\"https:\/\/sp2bytow.pl\/wp-content\/uploads\/2021\/08\/13-300x129.png\" width=\"300\" height=\"129\" srcset=\"https:\/\/sp2bytow.pl\/wp-content\/uploads\/2021\/08\/13-300x129.png 300w, https:\/\/sp2bytow.pl\/wp-content\/uploads\/2021\/08\/13.png 720w\" sizes=\"auto, (max-width: 300px) 100vw, 300px\" \/><\/a><\/p>\n<p>&nbsp;<\/p>\n","protected":false},"excerpt":{"rendered":"<p>Badminton &#8211; Przygotowania do nowego sezony 2021\/2022 zawodnik\u00f3w UKS \u201eDw\u00f3jka\u201d Byt\u00f3w Zawodnicy wraz z klubowym trenerem UKS \u201eDw\u00f3jka\u201d Byt\u00f3w ju\u017c pod koniec czerwca br. planowali obozy szkoleniowe, kt\u00f3re maja przygotowa\u0107 badmintonist\u00f3w do nowego sezonu 2021\/2022. Najstarsze dziewcz\u0119ta w klubie Anna Duda, Aneta Niklas i Laura Bujak przygotowuj\u0105 si\u0119 indywidualnie b\u0105d\u017a z zawodnikami Kadr Narodowych w [&hellip;]<\/p>\n","protected":false},"author":4,"featured_media":10924,"comment_status":"closed","ping_status":"closed","sticky":false,"template":"","format":"standard","meta":{"footnotes":""},"categories":[3,6],"tags":[],"class_list":["post-11458","post","type-post","status-publish","format-standard","has-post-thumbnail","hentry","category-aktualnosci","category-sport"],"_links":{"self":[{"href":"https:\/\/sp2bytow.pl\/index.php?rest_route=\/wp\/v2\/posts\/11458","targetHints":{"allow":["GET"]}}],"collection":[{"href":"https:\/\/sp2bytow.pl\/index.php?rest_route=\/wp\/v2\/posts"}],"about":[{"href":"https:\/\/sp2bytow.pl\/index.php?rest_route=\/wp\/v2\/types\/post"}],"author":[{"embeddable":true,"href":"https:\/\/sp2bytow.pl\/index.php?rest_route=\/wp\/v2\/users\/4"}],"replies":[{"embeddable":true,"href":"https:\/\/sp2bytow.pl\/index.php?rest_route=%2Fwp%2Fv2%2Fcomments&post=11458"}],"version-history":[{"count":1,"href":"https:\/\/sp2bytow.pl\/index.php?rest_route=\/wp\/v2\/posts\/11458\/revisions"}],"predecessor-version":[{"id":11463,"href":"https:\/\/sp2bytow.pl\/index.php?rest_route=\/wp\/v2\/posts\/11458\/revisions\/11463"}],"wp:featuredmedia":[{"embeddable":true,"href":"https:\/\/sp2bytow.pl\/index.php?rest_route=\/wp\/v2\/media\/10924"}],"wp:attachment":[{"href":"https:\/\/sp2bytow.pl\/index.php?rest_route=%2Fwp%2Fv2%2Fmedia&parent=11458"}],"wp:term":[{"taxonomy":"category","embeddable":true,"href":"https:\/\/sp2bytow.pl\/index.php?rest_route=%2Fwp%2Fv2%2Fcategories&post=11458"},{"taxonomy":"post_tag","embeddable":true,"href":"https:\/\/sp2bytow.pl\/index.php?rest_route=%2Fwp%2Fv2%2Ftags&post=11458"}],"curies":[{"name":"wp","href":"https:\/\/api.w.org\/{rel}","templated":true}]}}