{"id":11443,"date":"2021-07-02T11:22:16","date_gmt":"2021-07-02T11:22:16","guid":{"rendered":"http:\/\/sp2bytow.home.pl\/autoinstalator\/wordpress\/?p=11443"},"modified":"2021-07-02T11:22:16","modified_gmt":"2021-07-02T11:22:16","slug":"lekkoatletyka-dla-kazdego","status":"publish","type":"post","link":"https:\/\/sp2bytow.pl\/?p=11443","title":{"rendered":"\u201eLekkoatletyka dla ka\u017cdego\u201d"},"content":{"rendered":"<p style=\"text-align: center;\" align=\"center\"><b>Podsumowanie zaj\u0119\u0107 sportowych w ramach programu<\/b><\/p>\n<p style=\"text-align: center;\" align=\"center\"><b>\u201e Lekkoatletyka dla ka\u017cdego\u201d\u00a0 \u00a0\u00a0<\/b><\/p>\n<p style=\"text-align: left;\" align=\"center\"><b><\/b>W szkole Podstawowej nr 2 w Bytowie w okresie od 3 maja do 24 czerwca 2021 roku by\u0142y prowadzone przez Pani\u0105 Krystyn\u0119 Gliszczy\u0144sk\u0105 \u2013 W\u0119siersk\u0105 dodatkowe pozalekcyjne zaj\u0119cia sportowe dla klas I \u2013 IV w ramach Programu Lekkoatletyka dla ka\u017cdego, finansowanego przez Polski Zwi\u0105zek Lekkiej Atletyki. Zaj\u0119cia odbywa\u0142y si\u0119 dwa razy w tygodniu po 90 minut w dw\u00f3ch grupach \u0107wiczebnych po 15 uczestnik\u00f3w. Zaj\u0119cia sportowe by\u0142y bezp\u0142atne dla uczni\u00f3w. G\u0142\u00f3wne zadanie programu polega\u0142o na umo\u017cliwieniu podejmowania dodatkowej aktywno\u015bci fizycznej w formie zaj\u0119\u0107 sportowych.\u00a0 \u00a0 \u00a0 \u00a0 \u00a0 \u00a0 \u00a0 \u00a0 \u00a0 \u00a0 \u00a0 \u00a0 \u00a0 \u00a0 \u00a0 \u00a0 \u00a0 \u00a0 \u00a0 \u00a0 \u00a0 \u00a0 \u00a0 \u00a0 \u00a0 \u00a0 \u00a0 \u00a0 \u00a0 \u00a0 \u00a0 \u00a0 \u00a0 \u00a0 \u00a0 \u00a0 \u00a0 \u00a0 \u00a0 \u00a0 \u00a0 \u00a0 \u00a0 \u00a0 Wierz\u0119, \u017ce dzi\u0119ki temu programowi m\u0142odzi ludzie pokochaj\u0105 ruch, \u0142atwiej dokonaj\u0105 wyboru tak zwanego \u201esportu ca\u0142ego \u017cycia\u201d, a by\u0107 mo\u017ce odkryj\u0105 w sobie talent i p\u00f3jd\u0105 w \u015blady najwi\u0119kszych mistrz\u00f3w sportu. Ka\u017cdy ucze\u0144 na koniec zaj\u0119\u0107 otrzyma\u0142 pami\u0105tkowy dyplom i drobny upominek od trenera. Wszystkim dzieciom bardzo dzi\u0119kuj\u0119 za systematyczno\u015b\u0107 i dobry humor podczas zaj\u0119\u0107. Rodzicom dzi\u0119kuj\u0119 za mi\u0142e s\u0142owo i dobre serce.<\/p>\n<p>\u017bycz\u0119 Pa\u0144stwu i Wam kochane dzieci udanych wakacji . Do zobaczenia ju\u017c we wrze\u015bniu.<\/p>\n<p><b>Krystyna Gliszczy\u0144ska &#8211; W\u0119sierska<\/b><\/p>\n<p>&nbsp;<\/p>\n<p><a href=\"https:\/\/sp2bytow.pl\/wp-content\/uploads\/2021\/07\/IMG-20210630-WA0009.jpg\"><img loading=\"lazy\" decoding=\"async\" class=\"alignnone size-medium wp-image-11444\" alt=\"IMG-20210630-WA0009\" src=\"https:\/\/sp2bytow.pl\/wp-content\/uploads\/2021\/07\/IMG-20210630-WA0009-225x300.jpg\" width=\"225\" height=\"300\" srcset=\"https:\/\/sp2bytow.pl\/wp-content\/uploads\/2021\/07\/IMG-20210630-WA0009-225x300.jpg 225w, https:\/\/sp2bytow.pl\/wp-content\/uploads\/2021\/07\/IMG-20210630-WA0009-768x1024.jpg 768w, https:\/\/sp2bytow.pl\/wp-content\/uploads\/2021\/07\/IMG-20210630-WA0009.jpg 1200w\" sizes=\"auto, (max-width: 225px) 100vw, 225px\" \/><\/a> <a href=\"https:\/\/sp2bytow.pl\/wp-content\/uploads\/2021\/07\/IMG-20210630-WA0001.jpg\"><img loading=\"lazy\" decoding=\"async\" class=\"alignnone size-medium wp-image-11445\" alt=\"IMG-20210630-WA0001\" src=\"https:\/\/sp2bytow.pl\/wp-content\/uploads\/2021\/07\/IMG-20210630-WA0001-225x300.jpg\" width=\"225\" height=\"300\" srcset=\"https:\/\/sp2bytow.pl\/wp-content\/uploads\/2021\/07\/IMG-20210630-WA0001-225x300.jpg 225w, https:\/\/sp2bytow.pl\/wp-content\/uploads\/2021\/07\/IMG-20210630-WA0001-768x1024.jpg 768w, https:\/\/sp2bytow.pl\/wp-content\/uploads\/2021\/07\/IMG-20210630-WA0001.jpg 1200w\" sizes=\"auto, (max-width: 225px) 100vw, 225px\" \/><\/a> <a href=\"https:\/\/sp2bytow.pl\/wp-content\/uploads\/2021\/07\/IMG-20210630-WA0002.jpg\"><img loading=\"lazy\" decoding=\"async\" class=\"alignnone size-medium wp-image-11446\" alt=\"IMG-20210630-WA0002\" src=\"https:\/\/sp2bytow.pl\/wp-content\/uploads\/2021\/07\/IMG-20210630-WA0002-225x300.jpg\" width=\"225\" height=\"300\" srcset=\"https:\/\/sp2bytow.pl\/wp-content\/uploads\/2021\/07\/IMG-20210630-WA0002-225x300.jpg 225w, https:\/\/sp2bytow.pl\/wp-content\/uploads\/2021\/07\/IMG-20210630-WA0002-768x1024.jpg 768w, https:\/\/sp2bytow.pl\/wp-content\/uploads\/2021\/07\/IMG-20210630-WA0002.jpg 1200w\" sizes=\"auto, (max-width: 225px) 100vw, 225px\" \/><\/a> <a href=\"https:\/\/sp2bytow.pl\/wp-content\/uploads\/2021\/07\/IMG-20210630-WA0003.jpg\"><img loading=\"lazy\" decoding=\"async\" class=\"alignnone size-medium wp-image-11447\" alt=\"IMG-20210630-WA0003\" src=\"https:\/\/sp2bytow.pl\/wp-content\/uploads\/2021\/07\/IMG-20210630-WA0003-225x300.jpg\" width=\"225\" height=\"300\" srcset=\"https:\/\/sp2bytow.pl\/wp-content\/uploads\/2021\/07\/IMG-20210630-WA0003-225x300.jpg 225w, https:\/\/sp2bytow.pl\/wp-content\/uploads\/2021\/07\/IMG-20210630-WA0003-768x1024.jpg 768w, https:\/\/sp2bytow.pl\/wp-content\/uploads\/2021\/07\/IMG-20210630-WA0003.jpg 1200w\" sizes=\"auto, (max-width: 225px) 100vw, 225px\" \/><\/a> <a href=\"https:\/\/sp2bytow.pl\/wp-content\/uploads\/2021\/07\/IMG-20210630-WA0005.jpg\"><img loading=\"lazy\" decoding=\"async\" class=\"alignnone size-medium wp-image-11448\" alt=\"IMG-20210630-WA0005\" src=\"https:\/\/sp2bytow.pl\/wp-content\/uploads\/2021\/07\/IMG-20210630-WA0005-225x300.jpg\" width=\"225\" height=\"300\" srcset=\"https:\/\/sp2bytow.pl\/wp-content\/uploads\/2021\/07\/IMG-20210630-WA0005-225x300.jpg 225w, https:\/\/sp2bytow.pl\/wp-content\/uploads\/2021\/07\/IMG-20210630-WA0005-768x1024.jpg 768w, https:\/\/sp2bytow.pl\/wp-content\/uploads\/2021\/07\/IMG-20210630-WA0005.jpg 1200w\" sizes=\"auto, (max-width: 225px) 100vw, 225px\" \/><\/a> <a href=\"https:\/\/sp2bytow.pl\/wp-content\/uploads\/2021\/07\/IMG-20210630-WA0006.jpg\"><img loading=\"lazy\" decoding=\"async\" class=\"alignnone size-medium wp-image-11449\" alt=\"IMG-20210630-WA0006\" src=\"https:\/\/sp2bytow.pl\/wp-content\/uploads\/2021\/07\/IMG-20210630-WA0006-225x300.jpg\" width=\"225\" height=\"300\" srcset=\"https:\/\/sp2bytow.pl\/wp-content\/uploads\/2021\/07\/IMG-20210630-WA0006-225x300.jpg 225w, https:\/\/sp2bytow.pl\/wp-content\/uploads\/2021\/07\/IMG-20210630-WA0006-768x1024.jpg 768w, https:\/\/sp2bytow.pl\/wp-content\/uploads\/2021\/07\/IMG-20210630-WA0006.jpg 1200w\" sizes=\"auto, (max-width: 225px) 100vw, 225px\" \/><\/a> <a href=\"https:\/\/sp2bytow.pl\/wp-content\/uploads\/2021\/07\/IMG-20210630-WA0007.jpg\"><img loading=\"lazy\" decoding=\"async\" class=\"alignnone size-medium wp-image-11450\" alt=\"IMG-20210630-WA0007\" src=\"https:\/\/sp2bytow.pl\/wp-content\/uploads\/2021\/07\/IMG-20210630-WA0007-225x300.jpg\" width=\"225\" height=\"300\" srcset=\"https:\/\/sp2bytow.pl\/wp-content\/uploads\/2021\/07\/IMG-20210630-WA0007-225x300.jpg 225w, https:\/\/sp2bytow.pl\/wp-content\/uploads\/2021\/07\/IMG-20210630-WA0007-768x1024.jpg 768w, https:\/\/sp2bytow.pl\/wp-content\/uploads\/2021\/07\/IMG-20210630-WA0007.jpg 1200w\" sizes=\"auto, (max-width: 225px) 100vw, 225px\" \/><\/a> <a href=\"https:\/\/sp2bytow.pl\/wp-content\/uploads\/2021\/07\/IMG-20210630-WA0008.jpg\"><img loading=\"lazy\" decoding=\"async\" class=\"alignnone size-medium wp-image-11451\" alt=\"IMG-20210630-WA0008\" src=\"https:\/\/sp2bytow.pl\/wp-content\/uploads\/2021\/07\/IMG-20210630-WA0008-225x300.jpg\" width=\"225\" height=\"300\" srcset=\"https:\/\/sp2bytow.pl\/wp-content\/uploads\/2021\/07\/IMG-20210630-WA0008-225x300.jpg 225w, https:\/\/sp2bytow.pl\/wp-content\/uploads\/2021\/07\/IMG-20210630-WA0008-768x1024.jpg 768w, https:\/\/sp2bytow.pl\/wp-content\/uploads\/2021\/07\/IMG-20210630-WA0008.jpg 1200w\" sizes=\"auto, (max-width: 225px) 100vw, 225px\" \/><\/a><\/p>\n","protected":false},"excerpt":{"rendered":"<p>Podsumowanie zaj\u0119\u0107 sportowych w ramach programu \u201e Lekkoatletyka dla ka\u017cdego\u201d\u00a0 \u00a0\u00a0 W szkole Podstawowej nr 2 w Bytowie w okresie od 3 maja do 24 czerwca 2021 roku by\u0142y prowadzone przez Pani\u0105 Krystyn\u0119 Gliszczy\u0144sk\u0105 \u2013 W\u0119siersk\u0105 dodatkowe pozalekcyjne zaj\u0119cia sportowe dla klas I \u2013 IV w ramach Programu Lekkoatletyka dla ka\u017cdego, finansowanego przez Polski Zwi\u0105zek [&hellip;]<\/p>\n","protected":false},"author":4,"featured_media":11451,"comment_status":"closed","ping_status":"closed","sticky":false,"template":"","format":"standard","meta":{"footnotes":""},"categories":[3,6],"tags":[],"class_list":["post-11443","post","type-post","status-publish","format-standard","has-post-thumbnail","hentry","category-aktualnosci","category-sport"],"_links":{"self":[{"href":"https:\/\/sp2bytow.pl\/index.php?rest_route=\/wp\/v2\/posts\/11443","targetHints":{"allow":["GET"]}}],"collection":[{"href":"https:\/\/sp2bytow.pl\/index.php?rest_route=\/wp\/v2\/posts"}],"about":[{"href":"https:\/\/sp2bytow.pl\/index.php?rest_route=\/wp\/v2\/types\/post"}],"author":[{"embeddable":true,"href":"https:\/\/sp2bytow.pl\/index.php?rest_route=\/wp\/v2\/users\/4"}],"replies":[{"embeddable":true,"href":"https:\/\/sp2bytow.pl\/index.php?rest_route=%2Fwp%2Fv2%2Fcomments&post=11443"}],"version-history":[{"count":1,"href":"https:\/\/sp2bytow.pl\/index.php?rest_route=\/wp\/v2\/posts\/11443\/revisions"}],"predecessor-version":[{"id":11452,"href":"https:\/\/sp2bytow.pl\/index.php?rest_route=\/wp\/v2\/posts\/11443\/revisions\/11452"}],"wp:featuredmedia":[{"embeddable":true,"href":"https:\/\/sp2bytow.pl\/index.php?rest_route=\/wp\/v2\/media\/11451"}],"wp:attachment":[{"href":"https:\/\/sp2bytow.pl\/index.php?rest_route=%2Fwp%2Fv2%2Fmedia&parent=11443"}],"wp:term":[{"taxonomy":"category","embeddable":true,"href":"https:\/\/sp2bytow.pl\/index.php?rest_route=%2Fwp%2Fv2%2Fcategories&post=11443"},{"taxonomy":"post_tag","embeddable":true,"href":"https:\/\/sp2bytow.pl\/index.php?rest_route=%2Fwp%2Fv2%2Ftags&post=11443"}],"curies":[{"name":"wp","href":"https:\/\/api.w.org\/{rel}","templated":true}]}}