{"id":11434,"date":"2021-06-24T11:15:32","date_gmt":"2021-06-24T11:15:32","guid":{"rendered":"http:\/\/sp2bytow.home.pl\/autoinstalator\/wordpress\/?p=11434"},"modified":"2021-06-24T11:15:32","modified_gmt":"2021-06-24T11:15:32","slug":"zakonczenie-roku-szkolnego-20202021","status":"publish","type":"post","link":"https:\/\/sp2bytow.pl\/?p=11434","title":{"rendered":"Zako\u0144czenie Roku Szkolnego 2020\/2021"},"content":{"rendered":"<p>W dniu 25 czerwca br. odb\u0119dzie si\u0119 zako\u0144czenie roku szkolnego 2020\/2021. Z powodu obostrze\u0144 zwi\u0105zanych z pandemi\u0105 uczniowie przychodz\u0105 wg poni\u017cszego harmonogramu do wyznaczonych sal lekcyjnych bez rodzic\u00f3w na spotkanie tylko z wychowawc\u0105. Nadal obowi\u0105zuj\u0105 restrykcje sanitarne: dezynfekcja d\u0142oni przed wej\u015bciem do szko\u0142y oraz zas\u0142anianie ust i nosa maseczk\u0105.<\/p>\n<p><b>O godzinie 8.30 przychodz\u0105 uczniowie z nast\u0119puj\u0105cych zespo\u0142\u00f3w klasowych<\/b>:<\/p>\n<table border=\"1\" cellspacing=\"0\" cellpadding=\"0\">\n<tbody>\n<tr>\n<td valign=\"top\" width=\"154\">\n<p align=\"center\">ZESP\u00d3\u0141 KLASOWY<\/p>\n<\/td>\n<td valign=\"top\" width=\"154\">\n<p align=\"center\">PRZYDZIA\u0141 SALI \u00a0\u00a0\u00a0\u00a0\u00a0\u00a0\u00a0\u00a0\u00a0\u00a0\u00a0\u00a0\u00a0W DNIU ZAKO\u0143CZENIA ROKU SZKOLNEGO<\/p>\n<\/td>\n<td valign=\"top\" width=\"154\">&nbsp;<\/td>\n<td valign=\"top\" width=\"154\">\n<p align=\"center\">Godzina zako\u0144czenia roku szkolnego<\/p>\n<\/td>\n<\/tr>\n<tr>\n<td valign=\"top\" width=\"154\">\n<p align=\"center\">1 A<\/p>\n<\/td>\n<td valign=\"top\" width=\"154\">\n<p align=\"center\">5<\/p>\n<\/td>\n<td rowspan=\"4\" valign=\"top\" width=\"154\">\n<p align=\"center\">Wej\u015bcie od strony \u015bwietlicy (od ul. Doma\u0144skiego)<\/p>\n<\/td>\n<td rowspan=\"4\" valign=\"top\" width=\"154\">\n<p align=\"center\">8.30<\/p>\n<\/td>\n<\/tr>\n<tr>\n<td valign=\"top\" width=\"154\">\n<p align=\"center\">2 A<\/p>\n<\/td>\n<td valign=\"top\" width=\"154\">\n<p align=\"center\">17<\/p>\n<\/td>\n<\/tr>\n<tr>\n<td valign=\"top\" width=\"154\">\n<p align=\"center\">1 C<\/p>\n<\/td>\n<td valign=\"top\" width=\"154\">\n<p align=\"center\">3<\/p>\n<\/td>\n<\/tr>\n<tr>\n<td valign=\"top\" width=\"154\">\n<p align=\"center\">1 D<\/p>\n<\/td>\n<td valign=\"top\" width=\"154\">\n<p align=\"center\">15<\/p>\n<\/td>\n<\/tr>\n<tr>\n<td valign=\"top\" width=\"154\">\n<p align=\"center\">1 B<\/p>\n<\/td>\n<td valign=\"top\" width=\"154\">\n<p align=\"center\">12<\/p>\n<\/td>\n<td rowspan=\"4\" valign=\"top\" width=\"154\">\n<p align=\"center\">Wej\u015bcie od strony ha\u0142a\u015bnika szkolnego (od strony placu zabaw)<\/p>\n<\/td>\n<td rowspan=\"4\" valign=\"top\" width=\"154\">\n<p align=\"center\">8.30<\/p>\n<\/td>\n<\/tr>\n<tr>\n<td valign=\"top\" width=\"154\">\n<p align=\"center\">2 B<\/p>\n<\/td>\n<td valign=\"top\" width=\"154\">\n<p align=\"center\">11<\/p>\n<\/td>\n<\/tr>\n<tr>\n<td valign=\"top\" width=\"154\">\n<p align=\"center\">2 C<\/p>\n<\/td>\n<td valign=\"top\" width=\"154\">\n<p align=\"center\">14<\/p>\n<\/td>\n<\/tr>\n<tr>\n<td valign=\"top\" width=\"154\">\n<p align=\"center\">2 D<\/p>\n<\/td>\n<td valign=\"top\" width=\"154\">\n<p align=\"center\">9<\/p>\n<\/td>\n<\/tr>\n<tr>\n<td valign=\"top\" width=\"154\">\n<p align=\"center\">4 A<\/p>\n<\/td>\n<td valign=\"top\" width=\"154\">\n<p align=\"center\">21<\/p>\n<\/td>\n<td rowspan=\"4\" valign=\"top\" width=\"154\">\n<p align=\"center\">Wej\u015bcie od strony blok\u00f3w przy ul Zwyci\u0119stwa (od strony dobudowanej cz\u0119\u015bci szko\u0142y).<\/p>\n<\/td>\n<td rowspan=\"4\" valign=\"top\" width=\"154\">\n<p align=\"center\">8.30<\/p>\n<\/td>\n<\/tr>\n<tr>\n<td valign=\"top\" width=\"154\">\n<p align=\"center\">4 B<\/p>\n<\/td>\n<td valign=\"top\" width=\"154\">\n<p align=\"center\">23<\/p>\n<\/td>\n<\/tr>\n<tr>\n<td valign=\"top\" width=\"154\">\n<p align=\"center\">4 C<\/p>\n<\/td>\n<td valign=\"top\" width=\"154\">\n<p align=\"center\">24<\/p>\n<\/td>\n<\/tr>\n<tr>\n<td valign=\"top\" width=\"154\">\n<p align=\"center\">4 D<\/p>\n<\/td>\n<td valign=\"top\" width=\"154\">\n<p align=\"center\">26<\/p>\n<\/td>\n<\/tr>\n<tr>\n<td valign=\"top\" width=\"154\">\n<p align=\"center\">6 A<\/p>\n<\/td>\n<td valign=\"top\" width=\"154\">\n<p align=\"center\">46<\/p>\n<\/td>\n<td rowspan=\"5\" valign=\"top\" width=\"154\">\n<p align=\"center\">Wej\u015bcie od holu g\u0142\u00f3wnego<\/p>\n<\/td>\n<td rowspan=\"5\" valign=\"top\" width=\"154\">\n<p align=\"center\">8.30<\/p>\n<\/td>\n<\/tr>\n<tr>\n<td valign=\"top\" width=\"154\">\n<p align=\"center\">6 B<\/p>\n<\/td>\n<td valign=\"top\" width=\"154\">\n<p align=\"center\">45<\/p>\n<\/td>\n<\/tr>\n<tr>\n<td valign=\"top\" width=\"154\">\n<p align=\"center\">6 C<\/p>\n<\/td>\n<td valign=\"top\" width=\"154\">\n<p align=\"center\">47<\/p>\n<\/td>\n<\/tr>\n<tr>\n<td valign=\"top\" width=\"154\">\n<p align=\"center\">6 D<\/p>\n<\/td>\n<td valign=\"top\" width=\"154\">\n<p align=\"center\">49<\/p>\n<\/td>\n<\/tr>\n<tr>\n<td valign=\"top\" width=\"154\">\n<p align=\"center\">6 E<\/p>\n<\/td>\n<td valign=\"top\" width=\"154\">\n<p align=\"center\">50<\/p>\n<\/td>\n<\/tr>\n<tr>\n<td colspan=\"2\" width=\"307\">&nbsp;<\/td>\n<td colspan=\"2\" valign=\"top\" width=\"307\">&nbsp;<\/td>\n<\/tr>\n<\/tbody>\n<\/table>\n<p><b>\u00a0<\/b><\/p>\n<p><b><\/b><b>O godzinie 9.30 przychodz\u0105 uczniowie z nast\u0119puj\u0105cych zespo\u0142\u00f3w klasowych<\/b>:<\/p>\n<table border=\"1\" cellspacing=\"0\" cellpadding=\"0\">\n<tbody>\n<tr>\n<td valign=\"top\" width=\"154\">\n<p align=\"center\">ZESP\u00d3\u0141 KLASOWY<\/p>\n<\/td>\n<td valign=\"top\" width=\"154\">\n<p align=\"center\">PRZYDZIA\u0141 SALI \u00a0\u00a0\u00a0\u00a0\u00a0\u00a0\u00a0\u00a0\u00a0\u00a0\u00a0\u00a0\u00a0W DNIU ZAKO\u0143CZENIA ROKU SZKOLNEGO<\/p>\n<\/td>\n<td valign=\"top\" width=\"154\">\n<p align=\"center\">\n<\/td>\n<td valign=\"top\" width=\"154\">\n<p align=\"center\">Godzina zako\u0144czenia roku szkolnego<\/p>\n<\/td>\n<\/tr>\n<tr>\n<td valign=\"top\" width=\"154\">\n<p align=\"center\">3 A<\/p>\n<\/td>\n<td valign=\"top\" width=\"154\">\n<p align=\"center\">14<\/p>\n<\/td>\n<td rowspan=\"4\" valign=\"top\" width=\"154\">\n<p align=\"center\">Wej\u015bcie od strony ha\u0142a\u015bnika szkolnego (od strony placu zabaw)<\/p>\n<\/td>\n<td rowspan=\"4\" valign=\"top\" width=\"154\">\n<p align=\"center\">9.30<\/p>\n<\/td>\n<\/tr>\n<tr>\n<td valign=\"top\" width=\"154\">\n<p align=\"center\">3 B<\/p>\n<\/td>\n<td valign=\"top\" width=\"154\">\n<p align=\"center\">12<\/p>\n<\/td>\n<\/tr>\n<tr>\n<td valign=\"top\" width=\"154\">\n<p align=\"center\">3 C<\/p>\n<\/td>\n<td valign=\"top\" width=\"154\">\n<p align=\"center\">11<\/p>\n<\/td>\n<\/tr>\n<tr>\n<td valign=\"top\" width=\"154\">\n<p align=\"center\">3 D<\/p>\n<\/td>\n<td valign=\"top\" width=\"154\">\n<p align=\"center\">9<\/p>\n<\/td>\n<\/tr>\n<tr>\n<td valign=\"top\" width=\"154\">\n<p align=\"center\">5 A<\/p>\n<\/td>\n<td valign=\"top\" width=\"154\">\n<p align=\"center\">46<\/p>\n<\/td>\n<td rowspan=\"3\" valign=\"top\" width=\"154\">\n<p align=\"center\">Wej\u015bcie od strony holu g\u0142\u00f3wnego<\/p>\n<\/td>\n<td rowspan=\"3\" valign=\"top\" width=\"154\">\n<p align=\"center\">9.30<\/p>\n<\/td>\n<\/tr>\n<tr>\n<td valign=\"top\" width=\"154\">\n<p align=\"center\">5 B<\/p>\n<\/td>\n<td valign=\"top\" width=\"154\">\n<p align=\"center\">45<\/p>\n<\/td>\n<\/tr>\n<tr>\n<td valign=\"top\" width=\"154\">\n<p align=\"center\">5 C<\/p>\n<\/td>\n<td valign=\"top\" width=\"154\">\n<p align=\"center\">44<\/p>\n<\/td>\n<\/tr>\n<tr>\n<td valign=\"top\" width=\"154\">\n<p align=\"center\">7 A<\/p>\n<\/td>\n<td valign=\"top\" width=\"154\">\n<p align=\"center\">47<\/p>\n<\/td>\n<td rowspan=\"6\" valign=\"top\" width=\"154\">\n<p align=\"center\">Wej\u015bcie od strony boiska asfaltowego<\/p>\n<\/td>\n<td rowspan=\"6\" valign=\"top\" width=\"154\">\n<p align=\"center\">9.30<\/p>\n<\/td>\n<\/tr>\n<tr>\n<td valign=\"top\" width=\"154\">\n<p align=\"center\">7 B<\/p>\n<\/td>\n<td valign=\"top\" width=\"154\">\n<p align=\"center\">49<\/p>\n<\/td>\n<\/tr>\n<tr>\n<td valign=\"top\" width=\"154\">\n<p align=\"center\">7 C<\/p>\n<\/td>\n<td valign=\"top\" width=\"154\">\n<p align=\"center\">60<\/p>\n<\/td>\n<\/tr>\n<tr>\n<td valign=\"top\" width=\"154\">\n<p align=\"center\">7 D<\/p>\n<\/td>\n<td valign=\"top\" width=\"154\">\n<p align=\"center\">51<\/p>\n<\/td>\n<\/tr>\n<tr>\n<td valign=\"top\" width=\"154\">\n<p align=\"center\">7 E<\/p>\n<\/td>\n<td valign=\"top\" width=\"154\">\n<p align=\"center\">50<\/p>\n<\/td>\n<\/tr>\n<tr>\n<td valign=\"top\" width=\"154\">\n<p align=\"center\">7 F<\/p>\n<\/td>\n<td valign=\"top\" width=\"154\">\n<p align=\"center\">70<\/p>\n<\/td>\n<\/tr>\n<\/tbody>\n<\/table>\n<p align=\"center\"><b>\u00a0<\/b><\/p>\n<p><b>Uczniowie klas \u00f3smych przychodz\u0105 na uroczyste\u00a0 zako\u0144czenie roku szkolnego\u00a0 o godzinie 11.00 . Uroczysto\u015b\u0107 odb\u0119dzie si\u0119 w holu g\u0142\u00f3wnym bez obecno\u015bci rodzic\u00f3w\/opiekun\u00f3w uczni\u00f3w<\/b>. W zako\u0144czeniu roku szkolnego bior\u0105 udzia\u0142 wszyscy nauczyciele ucz\u0105cy w klasach \u00f3smych.<\/p>\n<p>Po zako\u0144czeniu uroczysto\u015bci zako\u0144czenia roku szkolnego w holu g\u0142\u00f3wnym, \u00f3smoklasi\u015bci udaj\u0105 si\u0119 z wychowawcami do sal lekcyjnych:<\/p>\n<p><b>8a udaje si\u0119 do sali nr 50<\/b><\/p>\n<p><b>8b udaje si\u0119 do sali nr 51<\/b><\/p>\n<p>&nbsp;<\/p>\n<p>&nbsp;<\/p>\n","protected":false},"excerpt":{"rendered":"<p>W dniu 25 czerwca br. odb\u0119dzie si\u0119 zako\u0144czenie roku szkolnego 2020\/2021. Z powodu obostrze\u0144 zwi\u0105zanych z pandemi\u0105 uczniowie przychodz\u0105 wg poni\u017cszego harmonogramu do wyznaczonych sal lekcyjnych bez rodzic\u00f3w na spotkanie tylko z wychowawc\u0105. Nadal obowi\u0105zuj\u0105 restrykcje sanitarne: dezynfekcja d\u0142oni przed wej\u015bciem do szko\u0142y oraz zas\u0142anianie ust i nosa maseczk\u0105. O godzinie 8.30 przychodz\u0105 uczniowie z [&hellip;]<\/p>\n","protected":false},"author":4,"featured_media":11435,"comment_status":"closed","ping_status":"closed","sticky":false,"template":"","format":"standard","meta":{"footnotes":""},"categories":[3],"tags":[],"class_list":["post-11434","post","type-post","status-publish","format-standard","has-post-thumbnail","hentry","category-aktualnosci"],"_links":{"self":[{"href":"https:\/\/sp2bytow.pl\/index.php?rest_route=\/wp\/v2\/posts\/11434","targetHints":{"allow":["GET"]}}],"collection":[{"href":"https:\/\/sp2bytow.pl\/index.php?rest_route=\/wp\/v2\/posts"}],"about":[{"href":"https:\/\/sp2bytow.pl\/index.php?rest_route=\/wp\/v2\/types\/post"}],"author":[{"embeddable":true,"href":"https:\/\/sp2bytow.pl\/index.php?rest_route=\/wp\/v2\/users\/4"}],"replies":[{"embeddable":true,"href":"https:\/\/sp2bytow.pl\/index.php?rest_route=%2Fwp%2Fv2%2Fcomments&post=11434"}],"version-history":[{"count":1,"href":"https:\/\/sp2bytow.pl\/index.php?rest_route=\/wp\/v2\/posts\/11434\/revisions"}],"predecessor-version":[{"id":11436,"href":"https:\/\/sp2bytow.pl\/index.php?rest_route=\/wp\/v2\/posts\/11434\/revisions\/11436"}],"wp:featuredmedia":[{"embeddable":true,"href":"https:\/\/sp2bytow.pl\/index.php?rest_route=\/wp\/v2\/media\/11435"}],"wp:attachment":[{"href":"https:\/\/sp2bytow.pl\/index.php?rest_route=%2Fwp%2Fv2%2Fmedia&parent=11434"}],"wp:term":[{"taxonomy":"category","embeddable":true,"href":"https:\/\/sp2bytow.pl\/index.php?rest_route=%2Fwp%2Fv2%2Fcategories&post=11434"},{"taxonomy":"post_tag","embeddable":true,"href":"https:\/\/sp2bytow.pl\/index.php?rest_route=%2Fwp%2Fv2%2Ftags&post=11434"}],"curies":[{"name":"wp","href":"https:\/\/api.w.org\/{rel}","templated":true}]}}