{"id":11428,"date":"2021-06-24T11:03:38","date_gmt":"2021-06-24T11:03:38","guid":{"rendered":"http:\/\/sp2bytow.home.pl\/autoinstalator\/wordpress\/?p=11428"},"modified":"2021-06-24T11:03:51","modified_gmt":"2021-06-24T11:03:51","slug":"11428","status":"publish","type":"post","link":"https:\/\/sp2bytow.pl\/?p=11428","title":{"rendered":"Wyniki \u015bwietlicowego konkursu plastycznego  pt. \u201d Wakacje moich marze\u0144\u201d."},"content":{"rendered":"<p align=\"center\"><b>Wyniki \u015bwietlicowego konkursu plastycznego<\/b><\/p>\n<p align=\"center\"><b>pt.<\/b><b> <\/b><b>\u201d Wakacje moich marze\u0144\u201d.<\/b><\/p>\n<p>Ch\u0119tni uczniowie z klas I \u2013 III ucz\u0119szczaj\u0105cy do \u015bwietlicy szkolnej pod opiek\u0105 Pani Krystyny Gliszczy\u0144skiej \u2013 W\u0119sierskiej wzi\u0119li udzia\u0142 w konkursie plastycznym pt. <b>\u201d Wakacje moich marze\u0144\u201d.<\/b> Wszystkie prace uczniowie wykonali samodzielnie w \u015bwietlicy szkolnej wykorzystuj\u0105c m.in. kredki, wycinanki, kolorowy papier, farbki, kolorowe kartki piankowe. Uczniowie wykazali si\u0119 du\u017c\u0105 pomys\u0142owo\u015bci\u0105 i kreatywno\u015bci\u0105.<\/p>\n<p><b>Spo\u015br\u00f3d wszystkich przygotowanych prac nagrody przyznano:<\/b><\/p>\n<p><b>Kategoria I \u2013 III:<\/b><\/p>\n<p><b>I miejsce<\/b><\/p>\n<p>Maria Werra &#8211; klasa III b<\/p>\n<p><b>II miejsce <\/b><\/p>\n<p>Alicja Stun\u017ca &#8211; klasa I c<\/p>\n<p>Kornelia Koz\u0142owska &#8211; klasa I c<\/p>\n<p><b>III miejsce<\/b><\/p>\n<p>Kinga Daszkiewicz \u2013 I c<\/p>\n<p>Klara Rudnik \u2013 I c<\/p>\n<p><b>Wyr\u00f3\u017cnienie:<\/b><\/p>\n<p>Tymon Cyrzan \u2013 klasa I c, Adam Ku\u017anicki \u2013 klasa II c, Arina Khlan \u2013 III a i Nikola Litwi\u0144ska \u2013 I c<\/p>\n<p>Wszystkim uczniom bardzo dzi\u0119kuje za udzia\u0142 w konkursie. Serdecznie gratuluj\u0119 i zapraszam do udzia\u0142u w nast\u0119pnych konkursach.<\/p>\n<p><b>Organizator:<\/b><\/p>\n<p>Krystyna Gliszczy\u0144ska &#8211; W\u0119sierska<\/p>\n<p><a href=\"https:\/\/sp2bytow.pl\/wp-content\/uploads\/2021\/06\/IMG-20210623-WA0000.jpg\"><img loading=\"lazy\" decoding=\"async\" class=\"alignnone size-medium wp-image-11429\" alt=\"IMG-20210623-WA0000\" src=\"https:\/\/sp2bytow.pl\/wp-content\/uploads\/2021\/06\/IMG-20210623-WA0000-225x300.jpg\" width=\"225\" height=\"300\" srcset=\"https:\/\/sp2bytow.pl\/wp-content\/uploads\/2021\/06\/IMG-20210623-WA0000-225x300.jpg 225w, https:\/\/sp2bytow.pl\/wp-content\/uploads\/2021\/06\/IMG-20210623-WA0000-768x1024.jpg 768w, https:\/\/sp2bytow.pl\/wp-content\/uploads\/2021\/06\/IMG-20210623-WA0000.jpg 1200w\" sizes=\"auto, (max-width: 225px) 100vw, 225px\" \/><\/a> <a href=\"https:\/\/sp2bytow.pl\/wp-content\/uploads\/2021\/06\/IMG-20210623-WA0002.jpg\"><img loading=\"lazy\" decoding=\"async\" class=\"alignnone size-medium wp-image-11430\" alt=\"IMG-20210623-WA0002\" src=\"https:\/\/sp2bytow.pl\/wp-content\/uploads\/2021\/06\/IMG-20210623-WA0002-300x200.jpg\" width=\"300\" height=\"200\" srcset=\"https:\/\/sp2bytow.pl\/wp-content\/uploads\/2021\/06\/IMG-20210623-WA0002-300x200.jpg 300w, https:\/\/sp2bytow.pl\/wp-content\/uploads\/2021\/06\/IMG-20210623-WA0002-1024x684.jpg 1024w, https:\/\/sp2bytow.pl\/wp-content\/uploads\/2021\/06\/IMG-20210623-WA0002.jpg 1564w\" sizes=\"auto, (max-width: 300px) 100vw, 300px\" \/><\/a> <a href=\"https:\/\/sp2bytow.pl\/wp-content\/uploads\/2021\/06\/IMG-20210623-WA0003.jpg\"><img loading=\"lazy\" decoding=\"async\" class=\"alignnone size-medium wp-image-11431\" alt=\"IMG-20210623-WA0003\" src=\"https:\/\/sp2bytow.pl\/wp-content\/uploads\/2021\/06\/IMG-20210623-WA0003-225x300.jpg\" width=\"225\" height=\"300\" srcset=\"https:\/\/sp2bytow.pl\/wp-content\/uploads\/2021\/06\/IMG-20210623-WA0003-225x300.jpg 225w, https:\/\/sp2bytow.pl\/wp-content\/uploads\/2021\/06\/IMG-20210623-WA0003-768x1024.jpg 768w, https:\/\/sp2bytow.pl\/wp-content\/uploads\/2021\/06\/IMG-20210623-WA0003.jpg 1200w\" sizes=\"auto, (max-width: 225px) 100vw, 225px\" \/><\/a><\/p>\n","protected":false},"excerpt":{"rendered":"<p>Wyniki \u015bwietlicowego konkursu plastycznego pt. \u201d Wakacje moich marze\u0144\u201d. Ch\u0119tni uczniowie z klas I \u2013 III ucz\u0119szczaj\u0105cy do \u015bwietlicy szkolnej pod opiek\u0105 Pani Krystyny Gliszczy\u0144skiej \u2013 W\u0119sierskiej wzi\u0119li udzia\u0142 w konkursie plastycznym pt. \u201d Wakacje moich marze\u0144\u201d. Wszystkie prace uczniowie wykonali samodzielnie w \u015bwietlicy szkolnej wykorzystuj\u0105c m.in. kredki, wycinanki, kolorowy papier, farbki, kolorowe kartki piankowe. [&hellip;]<\/p>\n","protected":false},"author":4,"featured_media":11429,"comment_status":"closed","ping_status":"closed","sticky":false,"template":"","format":"standard","meta":{"footnotes":""},"categories":[3,9],"tags":[],"class_list":["post-11428","post","type-post","status-publish","format-standard","has-post-thumbnail","hentry","category-aktualnosci","category-swietlica"],"_links":{"self":[{"href":"https:\/\/sp2bytow.pl\/index.php?rest_route=\/wp\/v2\/posts\/11428","targetHints":{"allow":["GET"]}}],"collection":[{"href":"https:\/\/sp2bytow.pl\/index.php?rest_route=\/wp\/v2\/posts"}],"about":[{"href":"https:\/\/sp2bytow.pl\/index.php?rest_route=\/wp\/v2\/types\/post"}],"author":[{"embeddable":true,"href":"https:\/\/sp2bytow.pl\/index.php?rest_route=\/wp\/v2\/users\/4"}],"replies":[{"embeddable":true,"href":"https:\/\/sp2bytow.pl\/index.php?rest_route=%2Fwp%2Fv2%2Fcomments&post=11428"}],"version-history":[{"count":2,"href":"https:\/\/sp2bytow.pl\/index.php?rest_route=\/wp\/v2\/posts\/11428\/revisions"}],"predecessor-version":[{"id":11433,"href":"https:\/\/sp2bytow.pl\/index.php?rest_route=\/wp\/v2\/posts\/11428\/revisions\/11433"}],"wp:featuredmedia":[{"embeddable":true,"href":"https:\/\/sp2bytow.pl\/index.php?rest_route=\/wp\/v2\/media\/11429"}],"wp:attachment":[{"href":"https:\/\/sp2bytow.pl\/index.php?rest_route=%2Fwp%2Fv2%2Fmedia&parent=11428"}],"wp:term":[{"taxonomy":"category","embeddable":true,"href":"https:\/\/sp2bytow.pl\/index.php?rest_route=%2Fwp%2Fv2%2Fcategories&post=11428"},{"taxonomy":"post_tag","embeddable":true,"href":"https:\/\/sp2bytow.pl\/index.php?rest_route=%2Fwp%2Fv2%2Ftags&post=11428"}],"curies":[{"name":"wp","href":"https:\/\/api.w.org\/{rel}","templated":true}]}}