{"id":10816,"date":"2020-10-26T11:05:54","date_gmt":"2020-10-26T11:05:54","guid":{"rendered":"http:\/\/sp2bytow.home.pl\/autoinstalator\/wordpress\/?p=10816"},"modified":"2020-10-26T11:24:34","modified_gmt":"2020-10-26T11:24:34","slug":"slubowanie-klas-pierwszych-6","status":"publish","type":"post","link":"https:\/\/sp2bytow.pl\/?p=10816","title":{"rendered":"\u015aLUBOWANIE KLAS PIERWSZYCH"},"content":{"rendered":"<p>13 pa\u017adziernika w naszej szkole odby\u0142a si\u0119 niezwykle wa\u017cna uroczysto\u015b\u0107 \u015blubowania i pasowania uczni\u00f3w klas pierwszych.\u00a0By\u0142 to dzie\u0144, na kt\u00f3ry wszystkie dzieci bardzo czeka\u0142y\u00a0\u00a0 przygotowywa\u0142y si\u0119.<\/p>\n<p>Pierwszoklasi\u015bci w obecno\u015bci Dyrekcji Szko\u0142y, zaprezentowali kr\u00f3tki program artystyczny, w kt\u00f3rym zdali pierwszy egzamin na ucznia.<\/p>\n<p>Po uroczystym \u015blubowaniu i pasowaniu \u00a0dzieci oficjalnie zosta\u0142y przyj\u0119te w poczet uczni\u00f3w Szko\u0142y Podstawowej nr 2 w Bytowie i sta\u0142y si\u0119 pe\u0142noprawnymi cz\u0142onkami spo\u0142eczno\u015bci szkolnej. Otrzyma\u0142y birety oraz dyplomy od Szkolnej Rady Rodzic\u00f3w.<\/p>\n<p>Uroczyste chwile uwieczni\u0142a zdj\u0119ciami Pani Agnieszka Stachlewicz.<\/p>\n<p>Kochani Pierwszoklasi\u015bci! \u017byczymy Wam wielu sukces\u00f3w, rado\u015bci ze zdobywania wiedzy, rozwijania swoich pasji, zdolno\u015bci oraz wielu szkolnych przyjaci\u00f3\u0142.<\/p>\n<p><a href=\"https:\/\/sp2bytow.pl\/wp-content\/uploads\/2020\/10\/DSC_0039.jpg\"><img loading=\"lazy\" decoding=\"async\" class=\"alignnone size-medium wp-image-10817\" alt=\"DSC_0039\" src=\"https:\/\/sp2bytow.pl\/wp-content\/uploads\/2020\/10\/DSC_0039-300x198.jpg\" width=\"300\" height=\"198\" srcset=\"https:\/\/sp2bytow.pl\/wp-content\/uploads\/2020\/10\/DSC_0039-300x198.jpg 300w, https:\/\/sp2bytow.pl\/wp-content\/uploads\/2020\/10\/DSC_0039-1024x678.jpg 1024w\" sizes=\"auto, (max-width: 300px) 100vw, 300px\" \/><\/a> <a href=\"https:\/\/sp2bytow.pl\/wp-content\/uploads\/2020\/10\/DSC_0061.jpg\"><img loading=\"lazy\" decoding=\"async\" class=\"alignnone size-medium wp-image-10818\" alt=\"DSC_0061\" src=\"https:\/\/sp2bytow.pl\/wp-content\/uploads\/2020\/10\/DSC_0061-300x198.jpg\" width=\"300\" height=\"198\" srcset=\"https:\/\/sp2bytow.pl\/wp-content\/uploads\/2020\/10\/DSC_0061-300x198.jpg 300w, https:\/\/sp2bytow.pl\/wp-content\/uploads\/2020\/10\/DSC_0061-1024x678.jpg 1024w\" sizes=\"auto, (max-width: 300px) 100vw, 300px\" \/><\/a> <a href=\"https:\/\/sp2bytow.pl\/wp-content\/uploads\/2020\/10\/DSC_0096.jpg\"><img loading=\"lazy\" decoding=\"async\" class=\"alignnone size-medium wp-image-10819\" alt=\"DSC_0096\" src=\"https:\/\/sp2bytow.pl\/wp-content\/uploads\/2020\/10\/DSC_0096-300x198.jpg\" width=\"300\" height=\"198\" srcset=\"https:\/\/sp2bytow.pl\/wp-content\/uploads\/2020\/10\/DSC_0096-300x198.jpg 300w, https:\/\/sp2bytow.pl\/wp-content\/uploads\/2020\/10\/DSC_0096-1024x678.jpg 1024w\" sizes=\"auto, (max-width: 300px) 100vw, 300px\" \/><\/a> <a href=\"https:\/\/sp2bytow.pl\/wp-content\/uploads\/2020\/10\/DSC_0107.jpg\"><img loading=\"lazy\" decoding=\"async\" class=\"alignnone size-medium wp-image-10820\" alt=\"DSC_0107\" src=\"https:\/\/sp2bytow.pl\/wp-content\/uploads\/2020\/10\/DSC_0107-300x198.jpg\" width=\"300\" height=\"198\" srcset=\"https:\/\/sp2bytow.pl\/wp-content\/uploads\/2020\/10\/DSC_0107-300x198.jpg 300w, https:\/\/sp2bytow.pl\/wp-content\/uploads\/2020\/10\/DSC_0107-1024x678.jpg 1024w\" sizes=\"auto, (max-width: 300px) 100vw, 300px\" \/><\/a> <a href=\"https:\/\/sp2bytow.pl\/wp-content\/uploads\/2020\/10\/DSC_0109.jpg\"><img loading=\"lazy\" decoding=\"async\" class=\"alignnone size-medium wp-image-10821\" alt=\"DSC_0109\" src=\"https:\/\/sp2bytow.pl\/wp-content\/uploads\/2020\/10\/DSC_0109-300x198.jpg\" width=\"300\" height=\"198\" srcset=\"https:\/\/sp2bytow.pl\/wp-content\/uploads\/2020\/10\/DSC_0109-300x198.jpg 300w, https:\/\/sp2bytow.pl\/wp-content\/uploads\/2020\/10\/DSC_0109-1024x678.jpg 1024w\" sizes=\"auto, (max-width: 300px) 100vw, 300px\" \/><\/a> <a href=\"https:\/\/sp2bytow.pl\/wp-content\/uploads\/2020\/10\/DSC_0136.jpg\"><img loading=\"lazy\" decoding=\"async\" class=\"alignnone size-medium wp-image-10822\" alt=\"DSC_0136\" src=\"https:\/\/sp2bytow.pl\/wp-content\/uploads\/2020\/10\/DSC_0136-198x300.jpg\" width=\"198\" height=\"300\" srcset=\"https:\/\/sp2bytow.pl\/wp-content\/uploads\/2020\/10\/DSC_0136-198x300.jpg 198w, https:\/\/sp2bytow.pl\/wp-content\/uploads\/2020\/10\/DSC_0136-678x1024.jpg 678w\" sizes=\"auto, (max-width: 198px) 100vw, 198px\" \/><\/a> <a href=\"https:\/\/sp2bytow.pl\/wp-content\/uploads\/2020\/10\/DSC_0172.jpg\"><img loading=\"lazy\" decoding=\"async\" class=\"alignnone size-medium wp-image-10823\" alt=\"DSC_0172\" src=\"https:\/\/sp2bytow.pl\/wp-content\/uploads\/2020\/10\/DSC_0172-300x198.jpg\" width=\"300\" height=\"198\" srcset=\"https:\/\/sp2bytow.pl\/wp-content\/uploads\/2020\/10\/DSC_0172-300x198.jpg 300w, https:\/\/sp2bytow.pl\/wp-content\/uploads\/2020\/10\/DSC_0172-1024x678.jpg 1024w\" sizes=\"auto, (max-width: 300px) 100vw, 300px\" \/><\/a> <a href=\"https:\/\/sp2bytow.pl\/wp-content\/uploads\/2020\/10\/DSC_0245.jpg\"><img loading=\"lazy\" decoding=\"async\" class=\"alignnone size-medium wp-image-10824\" alt=\"DSC_0245\" src=\"https:\/\/sp2bytow.pl\/wp-content\/uploads\/2020\/10\/DSC_0245-300x198.jpg\" width=\"300\" height=\"198\" srcset=\"https:\/\/sp2bytow.pl\/wp-content\/uploads\/2020\/10\/DSC_0245-300x198.jpg 300w, https:\/\/sp2bytow.pl\/wp-content\/uploads\/2020\/10\/DSC_0245-1024x678.jpg 1024w\" sizes=\"auto, (max-width: 300px) 100vw, 300px\" \/><\/a><\/p>\n","protected":false},"excerpt":{"rendered":"<p>13 pa\u017adziernika w naszej szkole odby\u0142a si\u0119 niezwykle wa\u017cna uroczysto\u015b\u0107 \u015blubowania i pasowania uczni\u00f3w klas pierwszych.\u00a0By\u0142 to dzie\u0144, na kt\u00f3ry wszystkie dzieci bardzo czeka\u0142y\u00a0\u00a0 przygotowywa\u0142y si\u0119. Pierwszoklasi\u015bci w obecno\u015bci Dyrekcji Szko\u0142y, zaprezentowali kr\u00f3tki program artystyczny, w kt\u00f3rym zdali pierwszy egzamin na ucznia. Po uroczystym \u015blubowaniu i pasowaniu \u00a0dzieci oficjalnie zosta\u0142y przyj\u0119te w poczet uczni\u00f3w Szko\u0142y [&hellip;]<\/p>\n","protected":false},"author":4,"featured_media":10833,"comment_status":"closed","ping_status":"closed","sticky":false,"template":"","format":"standard","meta":{"footnotes":""},"categories":[3,14,24,10],"tags":[],"class_list":["post-10816","post","type-post","status-publish","format-standard","has-post-thumbnail","hentry","category-aktualnosci","category-dla-rodzicow","category-dla-uczniow","category-galeria"],"_links":{"self":[{"href":"https:\/\/sp2bytow.pl\/index.php?rest_route=\/wp\/v2\/posts\/10816","targetHints":{"allow":["GET"]}}],"collection":[{"href":"https:\/\/sp2bytow.pl\/index.php?rest_route=\/wp\/v2\/posts"}],"about":[{"href":"https:\/\/sp2bytow.pl\/index.php?rest_route=\/wp\/v2\/types\/post"}],"author":[{"embeddable":true,"href":"https:\/\/sp2bytow.pl\/index.php?rest_route=\/wp\/v2\/users\/4"}],"replies":[{"embeddable":true,"href":"https:\/\/sp2bytow.pl\/index.php?rest_route=%2Fwp%2Fv2%2Fcomments&post=10816"}],"version-history":[{"count":4,"href":"https:\/\/sp2bytow.pl\/index.php?rest_route=\/wp\/v2\/posts\/10816\/revisions"}],"predecessor-version":[{"id":10832,"href":"https:\/\/sp2bytow.pl\/index.php?rest_route=\/wp\/v2\/posts\/10816\/revisions\/10832"}],"wp:featuredmedia":[{"embeddable":true,"href":"https:\/\/sp2bytow.pl\/index.php?rest_route=\/wp\/v2\/media\/10833"}],"wp:attachment":[{"href":"https:\/\/sp2bytow.pl\/index.php?rest_route=%2Fwp%2Fv2%2Fmedia&parent=10816"}],"wp:term":[{"taxonomy":"category","embeddable":true,"href":"https:\/\/sp2bytow.pl\/index.php?rest_route=%2Fwp%2Fv2%2Fcategories&post=10816"},{"taxonomy":"post_tag","embeddable":true,"href":"https:\/\/sp2bytow.pl\/index.php?rest_route=%2Fwp%2Fv2%2Ftags&post=10816"}],"curies":[{"name":"wp","href":"https:\/\/api.w.org\/{rel}","templated":true}]}}