{"id":1037,"date":"2013-03-18T12:54:30","date_gmt":"2013-03-18T12:54:30","guid":{"rendered":"http:\/\/sp2bytow.home.pl\/autoinstalator\/wordpress\/?p=1037"},"modified":"2013-03-18T12:54:30","modified_gmt":"2013-03-18T12:54:30","slug":"szesciolatki-w-szkole","status":"publish","type":"post","link":"https:\/\/sp2bytow.pl\/?p=1037","title":{"rendered":"Sze\u015bciolatki w Szkole"},"content":{"rendered":"<p>W dniu 16.03.2013 roku w Naszej Szkole odby\u0142 si\u0119 Dzie\u0144 Otwarty dla przysz\u0142ych pierwszoklasist\u00f3w (dzieci z rocznika 2006 \u2013 2007). W spotkaniu\u00a0 uczestniczy\u0142o ponad osiemdziesi\u0105t dzieci.<\/p>\n<p>Na dzieci czeka\u0142 dzie\u0144 pe\u0142en mi\u0142ych wra\u017ce\u0144. Przyszli uczniowie mieli \u00a0mo\u017cliwo\u015b\u0107 zwiedzenia szko\u0142y, poznali \u00a0nauczycielki ucz\u0105ce w klasach m\u0142odszych i \u015bwietlicy szkolnej, wzi\u0119li \u00a0udzia\u0142 we wsp\u00f3lnej pracy i zabawie. Podczas spotkania mogli uczestniczy\u0107 w \u201emini\u201d \u00a0lekcji, pota\u0144czy\u0107 przy muzyce, wykona\u0107 prace plastyczne w \u015bwietlicy szkolnej i wreszcie wzi\u0105\u0107 udzia\u0142 w zaj\u0119ciach sportowych \u00a0w sali gimnastycznej \u00a0oraz \u00a0salce gimnastyki korekcyjnej. W trakcie spotkania rodzice mogli porozmawia\u0107 z psychologiem szkolnym i logoped\u0105, rozwia\u0107 wszelkie w\u0105tpliwo\u015bci zwi\u0105zane z podj\u0119ciem nauki przez swoje pociechy.<\/p>\n<p>W trakcie imprezy funkcjonowa\u0142a kawiarenka, gdzie mo\u017cna by\u0142o napi\u0107 si\u0119 ciep\u0142ej herbaty lub kawy. Podczas spotkania czeka\u0142y na dzieci drobne upominki wykonane przez nauczycieli szko\u0142y ( chor\u0105giewki, kotyliony, plany lekcji). Ka\u017cdy uczestnik otrzyma\u0142 \u201eco\u015b\u201d s\u0142odkiego. Dzieci i Rodzice pe\u0142ni wra\u017ce\u0144 opuszczali szko\u0142\u0119 i deklarowali sw\u00f3j powr\u00f3t pierwszego wrze\u015bnia.<\/p>\nngg_shortcode_0_placeholder\n<p>&nbsp;<\/p>\n","protected":false},"excerpt":{"rendered":"<p>W dniu 16.03.2013 roku w Naszej Szkole odby\u0142 si\u0119 Dzie\u0144 Otwarty dla przysz\u0142ych pierwszoklasist\u00f3w (dzieci z rocznika 2006 \u2013 2007). W spotkaniu\u00a0 uczestniczy\u0142o ponad osiemdziesi\u0105t dzieci. Na dzieci czeka\u0142 dzie\u0144 pe\u0142en mi\u0142ych wra\u017ce\u0144. Przyszli uczniowie mieli \u00a0mo\u017cliwo\u015b\u0107 zwiedzenia szko\u0142y, poznali \u00a0nauczycielki ucz\u0105ce w klasach m\u0142odszych i \u015bwietlicy szkolnej, wzi\u0119li \u00a0udzia\u0142 we wsp\u00f3lnej pracy i zabawie. [&hellip;]<\/p>\n","protected":false},"author":4,"featured_media":0,"comment_status":"closed","ping_status":"open","sticky":false,"template":"","format":"standard","meta":{"ngg_post_thumbnail":0,"footnotes":""},"categories":[3],"tags":[],"class_list":["post-1037","post","type-post","status-publish","format-standard","hentry","category-aktualnosci"],"_links":{"self":[{"href":"https:\/\/sp2bytow.pl\/index.php?rest_route=\/wp\/v2\/posts\/1037","targetHints":{"allow":["GET"]}}],"collection":[{"href":"https:\/\/sp2bytow.pl\/index.php?rest_route=\/wp\/v2\/posts"}],"about":[{"href":"https:\/\/sp2bytow.pl\/index.php?rest_route=\/wp\/v2\/types\/post"}],"author":[{"embeddable":true,"href":"https:\/\/sp2bytow.pl\/index.php?rest_route=\/wp\/v2\/users\/4"}],"replies":[{"embeddable":true,"href":"https:\/\/sp2bytow.pl\/index.php?rest_route=%2Fwp%2Fv2%2Fcomments&post=1037"}],"version-history":[{"count":2,"href":"https:\/\/sp2bytow.pl\/index.php?rest_route=\/wp\/v2\/posts\/1037\/revisions"}],"predecessor-version":[{"id":1040,"href":"https:\/\/sp2bytow.pl\/index.php?rest_route=\/wp\/v2\/posts\/1037\/revisions\/1040"}],"wp:attachment":[{"href":"https:\/\/sp2bytow.pl\/index.php?rest_route=%2Fwp%2Fv2%2Fmedia&parent=1037"}],"wp:term":[{"taxonomy":"category","embeddable":true,"href":"https:\/\/sp2bytow.pl\/index.php?rest_route=%2Fwp%2Fv2%2Fcategories&post=1037"},{"taxonomy":"post_tag","embeddable":true,"href":"https:\/\/sp2bytow.pl\/index.php?rest_route=%2Fwp%2Fv2%2Ftags&post=1037"}],"curies":[{"name":"wp","href":"https:\/\/api.w.org\/{rel}","templated":true}]}}