{"id":10324,"date":"2020-06-10T10:03:46","date_gmt":"2020-06-10T10:03:46","guid":{"rendered":"http:\/\/sp2bytow.home.pl\/autoinstalator\/wordpress\/?p=10324"},"modified":"2020-06-10T10:04:00","modified_gmt":"2020-06-10T10:04:00","slug":"oddawanie-podrecznikow","status":"publish","type":"post","link":"https:\/\/sp2bytow.pl\/?p=10324","title":{"rendered":"Oddawanie podr\u0119cznik\u00f3w"},"content":{"rendered":"<p>&nbsp;<\/p>\n<p style=\"text-align: center;\">Komunikat !<\/p>\n<p>Oddawanie podr\u0119cznik\u00f3w i ksi\u0105\u017cek do biblioteki oraz zdawanie szafek b\u0119dzie si\u0119 odbywa\u0142o w dniach 23-24.06 br. wed\u0142ug ustalonego harmonogramu. Zako\u0144czenie roku szkolnego b\u0119dzie 26.06. br. z udzia\u0142em tylko uczni\u00f3w (klasy zostan\u0105 podzielone na 2 grupy) wg ustalonego harmonogramu. Nie b\u0119dzie og\u00f3lnych spotka\u0144. Oba harmonogramy b\u0119d\u0105 dost\u0119pne \u00a0w dniu 19.06. br.<\/p>\n<p style=\"text-align: right;\">Dyrektor szko\u0142y<br \/>\nJ.Jakusz<\/p>\n","protected":false},"excerpt":{"rendered":"<p>&nbsp; Komunikat ! Oddawanie podr\u0119cznik\u00f3w i ksi\u0105\u017cek do biblioteki oraz zdawanie szafek b\u0119dzie si\u0119 odbywa\u0142o w dniach 23-24.06 br. wed\u0142ug ustalonego harmonogramu. Zako\u0144czenie roku szkolnego b\u0119dzie 26.06. br. z udzia\u0142em tylko uczni\u00f3w (klasy zostan\u0105 podzielone na 2 grupy) wg ustalonego harmonogramu. Nie b\u0119dzie og\u00f3lnych spotka\u0144. Oba harmonogramy b\u0119d\u0105 dost\u0119pne \u00a0w dniu 19.06. br. Dyrektor szko\u0142y [&hellip;]<\/p>\n","protected":false},"author":4,"featured_media":10326,"comment_status":"closed","ping_status":"closed","sticky":false,"template":"","format":"standard","meta":{"footnotes":""},"categories":[3,4,14,24],"tags":[],"class_list":["post-10324","post","type-post","status-publish","format-standard","has-post-thumbnail","hentry","category-aktualnosci","category-biblioteka","category-dla-rodzicow","category-dla-uczniow"],"_links":{"self":[{"href":"https:\/\/sp2bytow.pl\/index.php?rest_route=\/wp\/v2\/posts\/10324","targetHints":{"allow":["GET"]}}],"collection":[{"href":"https:\/\/sp2bytow.pl\/index.php?rest_route=\/wp\/v2\/posts"}],"about":[{"href":"https:\/\/sp2bytow.pl\/index.php?rest_route=\/wp\/v2\/types\/post"}],"author":[{"embeddable":true,"href":"https:\/\/sp2bytow.pl\/index.php?rest_route=\/wp\/v2\/users\/4"}],"replies":[{"embeddable":true,"href":"https:\/\/sp2bytow.pl\/index.php?rest_route=%2Fwp%2Fv2%2Fcomments&post=10324"}],"version-history":[{"count":2,"href":"https:\/\/sp2bytow.pl\/index.php?rest_route=\/wp\/v2\/posts\/10324\/revisions"}],"predecessor-version":[{"id":10328,"href":"https:\/\/sp2bytow.pl\/index.php?rest_route=\/wp\/v2\/posts\/10324\/revisions\/10328"}],"wp:featuredmedia":[{"embeddable":true,"href":"https:\/\/sp2bytow.pl\/index.php?rest_route=\/wp\/v2\/media\/10326"}],"wp:attachment":[{"href":"https:\/\/sp2bytow.pl\/index.php?rest_route=%2Fwp%2Fv2%2Fmedia&parent=10324"}],"wp:term":[{"taxonomy":"category","embeddable":true,"href":"https:\/\/sp2bytow.pl\/index.php?rest_route=%2Fwp%2Fv2%2Fcategories&post=10324"},{"taxonomy":"post_tag","embeddable":true,"href":"https:\/\/sp2bytow.pl\/index.php?rest_route=%2Fwp%2Fv2%2Ftags&post=10324"}],"curies":[{"name":"wp","href":"https:\/\/api.w.org\/{rel}","templated":true}]}}